{"id":4911,"date":"2025-12-11T00:00:31","date_gmt":"2025-12-11T00:00:31","guid":{"rendered":"https:\/\/coro.paroquiabaixadabanheira.org\/?p=4911"},"modified":"2025-12-11T00:00:32","modified_gmt":"2025-12-11T00:00:32","slug":"domingo-iii-do-advento-domingo-gaudete","status":"publish","type":"post","link":"https:\/\/coro.paroquiabaixadabanheira.org\/?p=4911","title":{"rendered":"Domingo III do Advento (Domingo Gaudete)"},"content":{"rendered":"<p>\u00ab\u00c9 assim denominado o III Domingo do Advento. A raz\u00e3o \u00e9 que gaudete! (alegrai-vos!), \u00e9 a primeira palavra, h\u00e1 muitos s\u00e9culos, do c\u00e2ntico de entrada deste domingo: \u00abGaudete in Domino semper!\u00bb (\u00abAlegrai-vos sempre no Senhor!\u00bb), convite tomado de Fl 4,4-5, que d\u00e1 a este domingo \u2013 justamente a meio do caminho de Advento \u2013 um tom de alegria e esperan\u00e7a, porque j\u00e1 est\u00e1 pr\u00f3ximo o Senhor. Este domingo tem um paralelo com o IV da Quaresma, o Domingo L\u00e6tare. Os paramentos dos ministros, neste dia, podem ser cor-de-rosa.&#8221;\u00a0 \u00a0<em>in Jos\u00e9 Aldaz\u00e1bal,\u00a0Dicion\u00e1rio Elementar de Liturgia<\/em><\/p>\n<p>&#8220;Deus continua a necessitar de mensageiros da sua Boa Nova. Os tempos de hoje necessitam de mensageiros como Jo\u00e3o Batista que, com as suas a\u00e7\u00f5es e palavras, se tornou o precursor do Messias, aquele que preparou o caminho, ou seja, o cora\u00e7\u00e3o do povo judeu, para que Cristo viesse ao seu encontro. Todos somos chamados a ser audazes e criativos no modo como mostramos os sinais da salva\u00e7\u00e3o a acontecer na vida das pessoas, de tal modo que geremos espanto, entusiasmo, alegria e j\u00fabilo em todos os destinat\u00e1rios do Evangelho.&#8221;\u00a0 \u00a0 \u00a0 \u00a0 \u00a0<em>In Arquidiocese de Braga<\/em><\/p>\n<p><strong>C\u00e2nticos para o III Domingo do Advento \u2013 Ano A <\/strong>\u00a0(<a href=\"https:\/\/www.liturgia.pt\/liturgiadiaria\/dia.php?data=2025-12-14\">Liturgia<\/a>)<\/p>\n<ul>\n<li>Entrada:\u00a0<a href=\"http:\/\/coro.paroquiabaixadabanheira.org\/reportorio\/advento\/alegraivos.sempre.pdf\">Alegrai-vos Sempre<\/a><\/li>\n<li>Acto Penitencial: <a href=\"http:\/\/coro.paroquiabaixadabanheira.org\/reportorio\/penitencial\/kyrie.eleison.nuno.m.almeida.pdf\">Kyrie Eleison (Nuno M. Almeida)<\/a>\u00a0Ver preces abaixo<\/li>\n<li>Coroa do Advento: <a href=\"http:\/\/coro.paroquiabaixadabanheira.org\/reportorio\/diversos\/peregrinos.de.esperanca.hino.do.jubileu.2025.pdf\">Peregrinos da Esperan\u00e7a \u2013 Hino Jubileu 2025<\/a><\/li>\n<li>Salmo 145<em>(146)\u00a0<a href=\"https:\/\/www.liturgia.pt\/multimedia\/mp3\/SalmosResponsoriais\/003_Adv03AIIIDom-VindeSenhor.mp3\">\u201d Vinde, Senhor, e salvai-nos!\u201d<\/a><\/em><\/li>\n<li>Aclama\u00e7\u00e3o ao Evangelho:\u00a0<a href=\"http:\/\/coro.paroquiabaixadabanheira.org\/reportorio\/advento\/aleluia.advento.bruno.ferreira.pdf\">Aleluia (Advento)<\/a><\/li>\n<li>Apresenta\u00e7\u00e3o dos Dons:\u00a0<a href=\"http:\/\/coro.paroquiabaixadabanheira.org\/reportorio\/advento\/descei.sr.jesus.pdf\">Descei, Senhor Jesus (Excelso Criador)<\/a><\/li>\n<li>Santo: <a href=\"http:\/\/coro.paroquiabaixadabanheira.org\/reportorio\/santo\/santo.leonel.claro.pdf\">Santo (L. Claro)<\/a><\/li>\n<li>Cordeiro: <a href=\"http:\/\/coro.paroquiabaixadabanheira.org\/reportorio\/cordeiro\/cordeiro.cartageno.pdf\">Cordeiro (A. Cartageno)<\/a><\/li>\n<li>Comunh\u00e3o:\u00a0<a href=\"http:\/\/coro.paroquiabaixadabanheira.org\/reportorio\/advento\/dizei.aos.desanimados.pdf\">Dizei aos Desanimados A.F. Santos<\/a> ou <a href=\"http:\/\/coro.paroquiabaixadabanheira.org\/reportorio\/advento\/dizei.aos.desanimados.luis.silva.pdf\">Dizei aos Desanimados Luis Silva<\/a><\/li>\n<li>Ac\u00e7\u00e3o de Gra\u00e7as:\u00a0<a href=\"http:\/\/coro.paroquiabaixadabanheira.org\/reportorio\/advento\/maria.fonte.de.esperanca.pdf\">Maria fonte da esperan\u00e7a<\/a><\/li>\n<li>Final:\u00a0<a href=\"http:\/\/coro.paroquiabaixadabanheira.org\/reportorio\/diversos\/o.profeta.pdf\">O Profeta<\/a><\/li>\n<\/ul>\n<p><strong>Preces:<\/strong><\/p>\n<p>Senhor, alegria de Jerusal\u00e9m e seu poderoso salvador.<\/p>\n<p>Cristo, alegria que brota das fontes da salva\u00e7\u00e3o.<\/p>\n<p>Senhor, alegria da boa-nova que Jo\u00e3o anunciou.<\/p>\n<p><strong>Trazer:<\/strong><\/p>\n<ul class=\"wp-block-list\">\n<li><a href=\"http:\/\/coro.paroquiabaixadabanheira.org\/reportorio\/aclama\/aleluia.vitor.pereira.pdf\">Aleluia (Vitor Pereira)<\/a><\/li>\n<li><a href=\"http:\/\/coro.paroquiabaixadabanheira.org\/reportorio\/cordeiro\/agnus.dei.silvio.vicente.pdf\">Agnus Dei (S\u00edlvio Vicente)<\/a><\/li>\n<li><a href=\"http:\/\/coro.paroquiabaixadabanheira.org\/reportorio\/santo\/santo.marco.frisina.pdf\">Santo Marco Frisina<\/a><\/li>\n<\/ul>\n","protected":false},"excerpt":{"rendered":"<p>\u00ab\u00c9 assim denominado o III Domingo do Advento. A raz\u00e3o \u00e9 que gaudete! (alegrai-vos!), \u00e9 a primeira palavra, h\u00e1 muitos s\u00e9culos, do c\u00e2ntico de entrada deste domingo: \u00abGaudete in Domino semper!\u00bb (\u00abAlegrai-vos sempre no Senhor!\u00bb), convite tomado de Fl 4,4-5, &hellip;<\/p>\n<p class=\"read-more\"> <a class=\"more-link\" href=\"https:\/\/coro.paroquiabaixadabanheira.org\/?p=4911\"> <span class=\"screen-reader-text\">Domingo III do Advento (Domingo Gaudete)<\/span> Read More &raquo;<\/a><\/p>\n","protected":false},"author":3,"featured_media":0,"comment_status":"open","ping_status":"open","sticky":false,"template":"","format":"standard","meta":{"footnotes":""},"categories":[1],"tags":[],"class_list":["post-4911","post","type-post","status-publish","format-standard","hentry","category-uncategorized"],"_links":{"self":[{"href":"https:\/\/coro.paroquiabaixadabanheira.org\/index.php?rest_route=\/wp\/v2\/posts\/4911","targetHints":{"allow":["GET"]}}],"collection":[{"href":"https:\/\/coro.paroquiabaixadabanheira.org\/index.php?rest_route=\/wp\/v2\/posts"}],"about":[{"href":"https:\/\/coro.paroquiabaixadabanheira.org\/index.php?rest_route=\/wp\/v2\/types\/post"}],"author":[{"embeddable":true,"href":"https:\/\/coro.paroquiabaixadabanheira.org\/index.php?rest_route=\/wp\/v2\/users\/3"}],"replies":[{"embeddable":true,"href":"https:\/\/coro.paroquiabaixadabanheira.org\/index.php?rest_route=%2Fwp%2Fv2%2Fcomments&post=4911"}],"version-history":[{"count":2,"href":"https:\/\/coro.paroquiabaixadabanheira.org\/index.php?rest_route=\/wp\/v2\/posts\/4911\/revisions"}],"predecessor-version":[{"id":4913,"href":"https:\/\/coro.paroquiabaixadabanheira.org\/index.php?rest_route=\/wp\/v2\/posts\/4911\/revisions\/4913"}],"wp:attachment":[{"href":"https:\/\/coro.paroquiabaixadabanheira.org\/index.php?rest_route=%2Fwp%2Fv2%2Fmedia&parent=4911"}],"wp:term":[{"taxonomy":"category","embeddable":true,"href":"https:\/\/coro.paroquiabaixadabanheira.org\/index.php?rest_route=%2Fwp%2Fv2%2Fcategories&post=4911"},{"taxonomy":"post_tag","embeddable":true,"href":"https:\/\/coro.paroquiabaixadabanheira.org\/index.php?rest_route=%2Fwp%2Fv2%2Ftags&post=4911"}],"curies":[{"name":"wp","href":"https:\/\/api.w.org\/{rel}","templated":true}]}}