{"id":4915,"date":"2025-12-18T23:53:09","date_gmt":"2025-12-18T23:53:09","guid":{"rendered":"https:\/\/coro.paroquiabaixadabanheira.org\/?p=4915"},"modified":"2025-12-18T23:53:10","modified_gmt":"2025-12-18T23:53:10","slug":"domingo-iv-do-advento-15","status":"publish","type":"post","link":"https:\/\/coro.paroquiabaixadabanheira.org\/?p=4915","title":{"rendered":"Domingo IV do Advento"},"content":{"rendered":"<p>&#8220;O mist\u00e9rio da f\u00e9 obediente de S\u00e3o Jos\u00e9 pode servir de modelo para a f\u00e9 de qualquer crente no sacramento da Eucaristia. A S\u00e3o Jos\u00e9 \u00e9 pedido que receba Maria, porque o que nela foi gerado \u00e9 fruto do Esp\u00edrito Santo. \u00c0queles que participam na Eucaristia \u00e9 pedido que acolham o Corpo de Cristo oferecido em comunh\u00e3o, Cristo tornado presente como alimento pelo poder do Esp\u00edrito Santo. Pela Virgem Maria, vem ao mundo o Emanuel, Deus connosco; pelo minist\u00e9rio da Igreja, de novo vem ao mundo Jesus Cristo, oculto sob as esp\u00e9cies do p\u00e3o e do vinho. Do mesmo modo que parece inacredit\u00e1vel que uma virgem possa conceber, assim tamb\u00e9m o \u00e9 que o p\u00e3o e o vinho sobre o altar se tornem para n\u00f3s corpo e sangue de Cristo.&#8221;\u00a0 <em>In Arquidiocese de Braga<\/em><\/p>\n<p><strong>C\u00e2nticos para o IV Domingo do Advento \u2013 Ano A <\/strong>\u00a0(<a href=\"https:\/\/www.liturgia.pt\/liturgiadiaria\/dia.php?data=2025-12-21\">Liturgia<\/a>)<\/p>\n<ul>\n<li>Entrada: <a href=\"http:\/\/coro.paroquiabaixadabanheira.org\/reportorio\/advento\/quando.o.profeta.chegar.pdf\">Quando o Profeta Chegar<\/a><\/li>\n<li>Acto Penitencial:\u00a0<a href=\"http:\/\/coro.paroquiabaixadabanheira.org\/reportorio\/penitencial\/kyrie.eleison.nuno.m.almeida.pdf\">Kyrie Eleison (Nuno M. Almeida)<\/a>\u00a0Ver preces abaixo<\/li>\n<li>Coroa do Advento:\u00a0<a href=\"http:\/\/coro.paroquiabaixadabanheira.org\/reportorio\/diversos\/peregrinos.de.esperanca.hino.do.jubileu.2025.pdf\">Peregrinos da Esperan\u00e7a \u2013 Hino Jubileu 2025<\/a><\/li>\n<li>Salmo 23<em>(24) <a href=\"https:\/\/www.liturgia.pt\/multimedia\/mp3\/SalmosResponsoriais\/004_Adv04AIVDom-VenhaOSenhor.mp3\">\u201d Venha o Senhor: \u00e9 Ele o rei glorioso\u201d<\/a><\/em><\/li>\n<li>Aclama\u00e7\u00e3o ao Evangelho:\u00a0<a href=\"http:\/\/coro.paroquiabaixadabanheira.org\/reportorio\/advento\/aleluia.advento.bruno.ferreira.pdf\">Aleluia (Advento)<\/a><\/li>\n<li>Apresenta\u00e7\u00e3o dos Dons: <a href=\"http:\/\/coro.paroquiabaixadabanheira.org\/reportorio\/advento\/nao.temas.jose.j.geada.pdf\">N\u00e3o temas Jos\u00e9<\/a><\/li>\n<li>Santo:\u00a0<a href=\"http:\/\/coro.paroquiabaixadabanheira.org\/reportorio\/santo\/santo.leonel.claro.pdf\">Santo (L. Claro)<\/a><\/li>\n<li>Cordeiro:\u00a0<a href=\"http:\/\/coro.paroquiabaixadabanheira.org\/reportorio\/cordeiro\/cordeiro.cartageno.pdf\">Cordeiro (A. Cartageno)<\/a><\/li>\n<li>Comunh\u00e3o: <a href=\"http:\/\/coro.paroquiabaixadabanheira.org\/reportorio\/advento\/a.virgem.concebera.pdf\">A Virgem Conceber\u00e1<\/a><\/li>\n<li>Ac\u00e7\u00e3o de Gra\u00e7as: <a href=\"http:\/\/coro.paroquiabaixadabanheira.org\/reportorio\/maria\/queres.tu.maria.pdf\">Queres Tu Maria<\/a><\/li>\n<li>Final: <a href=\"http:\/\/coro.paroquiabaixadabanheira.org\/reportorio\/advento\/o.nuvens.chovei.do.alto.pdf\">\u00d3 nuvens, chovei do alto<\/a><\/li>\n<\/ul>\n<p><strong>Preces:<\/strong><\/p>\n<p>Senhor, anunciado desde os dias mais antigos como rei nascido no mundo.<\/p>\n<p>Cristo, Deus dos ex\u00e9rcitos e pastor de Israel.<\/p>\n<p>Senhor, fruto bendito nascido no ventre da Virgem Santa Maria.<\/p>\n<p><strong>Trazer:<\/strong><\/p>\n<ul class=\"wp-block-list\">\n<li>Todas as musicas para o Natal<\/li>\n<\/ul>\n","protected":false},"excerpt":{"rendered":"<p>&#8220;O mist\u00e9rio da f\u00e9 obediente de S\u00e3o Jos\u00e9 pode servir de modelo para a f\u00e9 de qualquer crente no sacramento da Eucaristia. A S\u00e3o Jos\u00e9 \u00e9 pedido que receba Maria, porque o que nela foi gerado \u00e9 fruto do Esp\u00edrito &hellip;<\/p>\n<p class=\"read-more\"> <a class=\"more-link\" href=\"https:\/\/coro.paroquiabaixadabanheira.org\/?p=4915\"> <span class=\"screen-reader-text\">Domingo IV do Advento<\/span> Read More &raquo;<\/a><\/p>\n","protected":false},"author":3,"featured_media":0,"comment_status":"open","ping_status":"open","sticky":false,"template":"","format":"standard","meta":{"footnotes":""},"categories":[1],"tags":[],"class_list":["post-4915","post","type-post","status-publish","format-standard","hentry","category-uncategorized"],"_links":{"self":[{"href":"https:\/\/coro.paroquiabaixadabanheira.org\/index.php?rest_route=\/wp\/v2\/posts\/4915","targetHints":{"allow":["GET"]}}],"collection":[{"href":"https:\/\/coro.paroquiabaixadabanheira.org\/index.php?rest_route=\/wp\/v2\/posts"}],"about":[{"href":"https:\/\/coro.paroquiabaixadabanheira.org\/index.php?rest_route=\/wp\/v2\/types\/post"}],"author":[{"embeddable":true,"href":"https:\/\/coro.paroquiabaixadabanheira.org\/index.php?rest_route=\/wp\/v2\/users\/3"}],"replies":[{"embeddable":true,"href":"https:\/\/coro.paroquiabaixadabanheira.org\/index.php?rest_route=%2Fwp%2Fv2%2Fcomments&post=4915"}],"version-history":[{"count":1,"href":"https:\/\/coro.paroquiabaixadabanheira.org\/index.php?rest_route=\/wp\/v2\/posts\/4915\/revisions"}],"predecessor-version":[{"id":4916,"href":"https:\/\/coro.paroquiabaixadabanheira.org\/index.php?rest_route=\/wp\/v2\/posts\/4915\/revisions\/4916"}],"wp:attachment":[{"href":"https:\/\/coro.paroquiabaixadabanheira.org\/index.php?rest_route=%2Fwp%2Fv2%2Fmedia&parent=4915"}],"wp:term":[{"taxonomy":"category","embeddable":true,"href":"https:\/\/coro.paroquiabaixadabanheira.org\/index.php?rest_route=%2Fwp%2Fv2%2Fcategories&post=4915"},{"taxonomy":"post_tag","embeddable":true,"href":"https:\/\/coro.paroquiabaixadabanheira.org\/index.php?rest_route=%2Fwp%2Fv2%2Ftags&post=4915"}],"curies":[{"name":"wp","href":"https:\/\/api.w.org\/{rel}","templated":true}]}}