{"id":4919,"date":"2025-12-21T18:13:31","date_gmt":"2025-12-21T18:13:31","guid":{"rendered":"https:\/\/coro.paroquiabaixadabanheira.org\/?p=4919"},"modified":"2025-12-21T18:13:31","modified_gmt":"2025-12-21T18:13:31","slug":"natal-do-senhor-missa-do-dia-11","status":"publish","type":"post","link":"https:\/\/coro.paroquiabaixadabanheira.org\/?p=4919","title":{"rendered":"Natal do Senhor \u2013 Missa do dia"},"content":{"rendered":"<p>&#8221; \u201cO Verbo fez-Se carne e habitou entre n\u00f3s\u201d. E mais do que habitar, fez-se habita\u00e7\u00e3o.<strong>\u00a0<\/strong>A Palavra do Natal desafia-nos a acolher a Luz de Cristo e a torn\u00e1-la vis\u00edvel na vida comunit\u00e1ria. Convida-nos a caminhar juntos, com simplicidade e esperan\u00e7a, fazendo da Igreja uma casa onde todos podem entrar, crescer e avan\u00e7ar na f\u00e9, unidos pelo mesmo Senhor que hoje nasce para n\u00f3s.&#8221;\u00a0 \u00a0 \u00a0 \u00a0 \u00a0 \u00a0 \u00a0 \u00a0 \u00a0 \u00a0 \u00a0 <em>In Arquidiocese de Braga<\/em><\/p>\n<p><strong>C\u00e2nticos para o Natal do Senhor \u2013 Missa do dia\u2013 Ano A<\/strong><strong>\u00a0(<a href=\"https:\/\/www.liturgia.pt\/liturgiadiaria\/dia.php?data=2025-12-25\">Liturgia)<\/a><\/strong><\/p>\n<ul>\n<li>Entrada:\u00a0<a href=\"http:\/\/coro.paroquiabaixadabanheira.org\/reportorio\/natal\/aleluia.nasceu.salvador.vozes.pdf\">Aleluia! Nasceu o Salvador<\/a><\/li>\n<li>Coroa de Natal: <a href=\"http:\/\/coro.paroquiabaixadabanheira.org\/reportorio\/diversos\/peregrinos.de.esperanca.hino.do.jubileu.2025.pdf\">Peregrinos da Esperan\u00e7a \u2013 Hino Jubileu 2025<\/a><\/li>\n<li>Acto Penitencial:\u00a0<a href=\"http:\/\/coro.paroquiabaixadabanheira.org\/reportorio\/penitencial\/kyrie.eleison.manuel.simoes.pdf\">Kyrie Eleison (Manuel Sim\u00f5es)\u00a0<\/a><\/li>\n<li>Gl\u00f3ria:\u00a0<a href=\"http:\/\/coro.paroquiabaixadabanheira.org\/reportorio\/gloria\/gloria.a.deus.a.cartageno.pdf\">Gloria Cartageno<\/a><\/li>\n<li>Salmo:\u00a0<em>97 (98)\u00a0<a href=\"https:\/\/www.liturgia.pt\/multimedia\/mp3\/SalmosResponsoriais\/008_ABC_04NatDia-TodosOsConfins.mp3\">\u201cTodos os confins da terra\u00a0viram a salva\u00e7\u00e3o do nosso Deus.\u201d<\/a><\/em><\/li>\n<li>Aclama\u00e7\u00e3o ao Evangelho:\u00a0<a href=\"http:\/\/coro.paroquiabaixadabanheira.org\/reportorio\/aclama\/aleluia.vitor.pereira.pdf\">Aleluia (Vitor Pereira)<\/a>\u00a0<strong>\u201cSanto \u00e9 o dia que nos trouxe a luz.\u00a0<\/strong><strong>Vinde adorar o Senhor.<\/strong>\u00a0<strong>Hoje, uma grande luz desceu sobre a terra\u201d<\/strong><\/li>\n<li>Ora\u00e7\u00e3o dos Fi\u00e9is:\u00a0<a href=\"http:\/\/coro.paroquiabaixadabanheira.org\/reportorio\/aclamacao\/oracao.universal.pdf\">Respostas<\/a>\u00a0(numero 29)<\/li>\n<li>Apresenta\u00e7\u00e3o dos Dons:\u00a0<a href=\"http:\/\/coro.paroquiabaixadabanheira.org\/reportorio\/natal\/o.maravilha.pdf\">\u00d3 Maravilha<\/a><\/li>\n<li>Santo:\u00a0<a href=\"http:\/\/coro.paroquiabaixadabanheira.org\/reportorio\/santo\/santo.marco.frisina.pdf\">Santo Marco Frisina<\/a><\/li>\n<li>Pai Nosso:\u00a0<a href=\"http:\/\/coro.paroquiabaixadabanheira.org\/reportorio\/painosso\/pai.nosso.2.vozes.pdf\">Pai Nosso 2 vozes<\/a>\u00a0ou\u00a0<a href=\"http:\/\/coro.paroquiabaixadabanheira.org\/reportorio\/painosso\/pai.nosso.melodia.oficial.gregoriano.pdf\">Pai Nosso (gregoriano)<\/a><\/li>\n<li>Fra\u00e7\u00e3o do P\u00e3o:\u00a0<a href=\"http:\/\/coro.paroquiabaixadabanheira.org\/reportorio\/cordeiro\/agnus.dei.silvio.vicente.pdf\">Agnus Dei (S\u00edlvio Vicente)<\/a><\/li>\n<li>Comunh\u00e3o:\u00a0<a href=\"http:\/\/coro.paroquiabaixadabanheira.org\/reportorio\/natal\/no.principio.pdf\">No Principio antes da Cria\u00e7\u00e3o<\/a><\/li>\n<li>Ac\u00e7\u00e3o de Gra\u00e7as:\u00a0<a href=\"http:\/\/coro.paroquiabaixadabanheira.org\/reportorio\/natal\/um.anjo.belo.pdf\">Um Anjo Belo<\/a> ou <a href=\"http:\/\/coro.paroquiabaixadabanheira.org\/reportorio\/natal\/cristo.nasceu.pdf\">Cristo nasceu<\/a>\u00a0com estas\u00a0<a href=\"http:\/\/coro.paroquiabaixadabanheira.org\/reportorio\/natal\/cristo.nasceu.estrofes.natal.pdf\">Estrofes<\/a><\/li>\n<li>Venera\u00e7\u00e3o\u00a0\u00e0 Imagem do Menino:<a href=\"http:\/\/coro.paroquiabaixadabanheira.org\/reportorio\/pentecostes\/espirito.de.amor.pdf\">\u00a0<\/a><a href=\"http:\/\/coro.paroquiabaixadabanheira.org\/reportorio\/natal\/gloria.in.excelsis.deo.pdf\">Gloria, In Excelsis Deo<\/a><\/li>\n<li>Venera\u00e7\u00e3o \u00e0 Imagem do Menino:\u00a0<a href=\"http:\/\/coro.paroquiabaixadabanheira.org\/reportorio\/natal\/alegremse.os.ceus.pdf\">Alegrem-se os C\u00e9us e a Terra<\/a><\/li>\n<\/ul>\n<p>Suplentes:<\/p>\n<ul>\n<li><a href=\"http:\/\/coro.paroquiabaixadabanheira.org\/reportorio\/natal\/oh.que.noite.tao.serena.pdf\">Oh, Que Noite t\u00e3o Serena<\/a><\/li>\n<li><a href=\"http:\/\/coro.paroquiabaixadabanheira.org\/reportorio\/natal\/exultemos.de.alegria.pdf\">Exultemos de alegria<\/a><\/li>\n<li><a href=\"http:\/\/coro.paroquiabaixadabanheira.org\/reportorio\/natal\/correi.pressurosos.pdf\">Correi Pressurosos a Bel\u00e9m<\/a><\/li>\n<li><a href=\"http:\/\/coro.paroquiabaixadabanheira.org\/reportorio\/natal\/hoje.na.terra.pdf\">Hoje na Terra<\/a><\/li>\n<li><a href=\"http:\/\/coro.paroquiabaixadabanheira.org\/reportorio\/natal\/aleluia.do.natal.pdf\">Aleluia do Natal<\/a><\/li>\n<\/ul>\n","protected":false},"excerpt":{"rendered":"<p>&#8221; \u201cO Verbo fez-Se carne e habitou entre n\u00f3s\u201d. E mais do que habitar, fez-se habita\u00e7\u00e3o.\u00a0A Palavra do Natal desafia-nos a acolher a Luz de Cristo e a torn\u00e1-la vis\u00edvel na vida comunit\u00e1ria. Convida-nos a caminhar juntos, com simplicidade e &hellip;<\/p>\n<p class=\"read-more\"> <a class=\"more-link\" href=\"https:\/\/coro.paroquiabaixadabanheira.org\/?p=4919\"> <span class=\"screen-reader-text\">Natal do Senhor \u2013 Missa do dia<\/span> Read More &raquo;<\/a><\/p>\n","protected":false},"author":3,"featured_media":0,"comment_status":"open","ping_status":"open","sticky":false,"template":"","format":"standard","meta":{"footnotes":""},"categories":[1],"tags":[],"class_list":["post-4919","post","type-post","status-publish","format-standard","hentry","category-uncategorized"],"_links":{"self":[{"href":"https:\/\/coro.paroquiabaixadabanheira.org\/index.php?rest_route=\/wp\/v2\/posts\/4919","targetHints":{"allow":["GET"]}}],"collection":[{"href":"https:\/\/coro.paroquiabaixadabanheira.org\/index.php?rest_route=\/wp\/v2\/posts"}],"about":[{"href":"https:\/\/coro.paroquiabaixadabanheira.org\/index.php?rest_route=\/wp\/v2\/types\/post"}],"author":[{"embeddable":true,"href":"https:\/\/coro.paroquiabaixadabanheira.org\/index.php?rest_route=\/wp\/v2\/users\/3"}],"replies":[{"embeddable":true,"href":"https:\/\/coro.paroquiabaixadabanheira.org\/index.php?rest_route=%2Fwp%2Fv2%2Fcomments&post=4919"}],"version-history":[{"count":4,"href":"https:\/\/coro.paroquiabaixadabanheira.org\/index.php?rest_route=\/wp\/v2\/posts\/4919\/revisions"}],"predecessor-version":[{"id":4924,"href":"https:\/\/coro.paroquiabaixadabanheira.org\/index.php?rest_route=\/wp\/v2\/posts\/4919\/revisions\/4924"}],"wp:attachment":[{"href":"https:\/\/coro.paroquiabaixadabanheira.org\/index.php?rest_route=%2Fwp%2Fv2%2Fmedia&parent=4919"}],"wp:term":[{"taxonomy":"category","embeddable":true,"href":"https:\/\/coro.paroquiabaixadabanheira.org\/index.php?rest_route=%2Fwp%2Fv2%2Fcategories&post=4919"},{"taxonomy":"post_tag","embeddable":true,"href":"https:\/\/coro.paroquiabaixadabanheira.org\/index.php?rest_route=%2Fwp%2Fv2%2Ftags&post=4919"}],"curies":[{"name":"wp","href":"https:\/\/api.w.org\/{rel}","templated":true}]}}