{"id":4927,"date":"2025-12-26T12:41:44","date_gmt":"2025-12-26T12:41:44","guid":{"rendered":"https:\/\/coro.paroquiabaixadabanheira.org\/?p=4927"},"modified":"2025-12-26T12:45:37","modified_gmt":"2025-12-26T12:45:37","slug":"solenidade-de-santa-maria-mae-de-deus-dia-mundial-da-paz-10","status":"publish","type":"post","link":"https:\/\/coro.paroquiabaixadabanheira.org\/?p=4927","title":{"rendered":"Solenidade de Santa Maria M\u00e3e de Deus (Dia Mundial da Paz)"},"content":{"rendered":"<h4>\u00abA paz esteja com todos v\u00f3s: rumo a uma paz \u201cdesarmada e desarmante\u201d\u00bb<\/h4>\n<p>&#8220;\u00abA paz esteja com todos v\u00f3s: rumo a uma paz desarmada e desarmante \u00bb \u00e9 o tema da Mensagem do Papa Le\u00e3o XIV para o Dia Mundial da Paz celebrado em 1\u00b0 de janeiro de 2026.<\/p>\n<p>O Santo Padre convida a todos a\u00a0<b>acolher a paz e a tornar-se testemunhas dela<\/b>\u00a0porque ela \u201cexiste, deseja habitar-nos, tem o poder suave de iluminar e alargar a intelig\u00eancia, resiste \u00e0 viol\u00eancia e a vence. A paz tem o sopro da eternidade\u201d. Os crist\u00e3os devem tornar-se testemunhas, e citando Santo Agostinho, o Papa convida a &#8221; estabelecerem uma amizade indissol\u00favel com a paz\u201d. Somos todos convidados a\u00a0<b>caminhar por essa estrada tra\u00e7ada pelo Ressuscitado.<\/b>\u00a0Ele mesmo encarnou uma paz desarmada porque &#8220;desarmada foi a sua luta\u201d.<\/p>\n<p><b>A paz \u00e9 um dom a ser protegido,\u00a0<\/b>visto que se \u201cn\u00e3o for uma realidade experimentada, guardada e cultivada, a agressividade espalha-se, tanto na vida dom\u00e9stica, quanto na vida p\u00fablica\u201d e h\u00e1 o\u00a0<b>risco de incorrer no engano<\/b>\u00a0de que \u00e9 preciso se preparar para a guerra a fim de obt\u00ea-la, incorporando a \u201cirracionalidade de uma rela\u00e7\u00e3o entre os povos baseada n\u00e3o no direito, na justi\u00e7a e na confian\u00e7a, mas no medo e no dom\u00ednio da for\u00e7a\u201d.<\/p>\n<p>O Papa nos recorda que &#8220;Santo Agostinho recomendava n\u00e3o destruir pontes e n\u00e3o insistir com repreens\u00f5es&#8221; preferindo \u201ca via da escuta e, na medida do poss\u00edvel, do encontro com as raz\u00f5es dos outros\u201d.<\/p>\n<p>A fim de obter uma paz desarmante devemos encarnar a mansid\u00e3o porque \u201c<b>a bondade \u00e9 desarmante<\/b>. Talvez por isso Deus se tenha feito crian\u00e7a\u201d. A paz nasce da humildade evang\u00e9lica. Em sua fragilidade, uma crian\u00e7a tem a capacidade de mudar cora\u00e7\u00f5es, interrogar nossas escolhas e fazer com que baixemos nossas armas.<\/p>\n<p>O Papa Le\u00e3o nos lembra que a paz \u00e9 poss\u00edvel, n\u00e3o ut\u00f3pica, e que o\u00a0<b>di\u00e1logo ecum\u00eanico e inter-religioso<\/b>\u00a0s\u00e3o formas privilegiadas de alcan\u00e7\u00e1-la. Tamb\u00e9m n\u00e3o devemos nos esquecer de empreender \u201co caminho desarmante da diplomacia, da media\u00e7\u00e3o, do direito internacional\u201d que exigem confian\u00e7a m\u00fatua, lealdade e responsabilidade nos compromissos assumidos.<\/p>\n<p>\u201cEsta \u00e9 a paz do Cristo ressuscitado, uma paz desarmada e desarmante, humilde e perseverante. Ela prov\u00e9m de Deus, o Deus que nos ama a todos incondicionalmente \u201c\u00a0<i>Papa Le\u00e3o XIV &#8221;\u00a0 \u00a0<em>In https:\/\/www.humandevelopment.va\/<\/em><\/i><\/p>\n<ul>\n<li><a href=\"https:\/\/www.vatican.va\/content\/leo-xiv\/pt\/messages\/peace\/documents\/20251208-messaggio-pace.html\">Mensagem do Papa Le\u00e3o XIV para o 59\u00ba Dia Mundial da Paz<\/a><\/li>\n<\/ul>\n<p><strong>O ensaio ser\u00e1 realizado no dia 26 de Dezembro \u00e1s 21h, juntamente com o ensaio para a Eucaristia da Festa da Sagrada Fam\u00edlia<\/strong><\/p>\n<p><strong>C\u00e2nticos para a Solenidade de Santa Maria M\u00e3e de Deus \u2013 Ano A (<\/strong><a href=\"https:\/\/www.liturgia.pt\/santos\/santo_v.php?cod_santo=7\">liturgia<\/a><strong>)<\/strong><\/p>\n<ul>\n<li>Entrada:\u00a0<a href=\"http:\/\/coro.paroquiabaixadabanheira.org\/reportorio\/maria\/mae.do.povo.pdf\">M\u00e3e do Povo<\/a><\/li>\n<li>Acto Penitencial:\u00a0<a href=\"http:\/\/coro.paroquiabaixadabanheira.org\/reportorio\/penitencial\/senhor.tende.piedade.2.pdf\">Senhor, Tende Piedade\u00a0T.Aragues<\/a><\/li>\n<li>Gl\u00f3ria:\u00a0<a href=\"http:\/\/coro.paroquiabaixadabanheira.org\/reportorio\/gloria\/gloria.2.vozes.pdf\">Gloria 2 Vozes<\/a><\/li>\n<li>Salmo:\u00a0<em>66 (67)<\/em>\u00a0<a href=\"https:\/\/www.liturgia.pt\/multimedia\/mp3\/SalmosResponsoriais\/011_ABC_07Nat1Jan-DeusTenhaCompaixao.mp3\"><em>\u201cDeus tenha compaix\u00e3o de n\u00f3s. Ele nos d\u00ea a sua b\u00ean\u00e7\u00e3o\u201d<\/em><\/a><\/li>\n<li>Aclama\u00e7\u00e3o ao Evangelho:\u00a0<a href=\"http:\/\/coro.paroquiabaixadabanheira.org\/reportorio\/natal\/aleluia.do.natal.pdf\">Aleluia do Natal<\/a><\/li>\n<li>Ora\u00e7\u00e3o dos Fi\u00e9is:\u00a0<a href=\"http:\/\/coro.paroquiabaixadabanheira.org\/reportorio\/aclamacao\/oracao.universal.pdf\">Respostas<\/a>\u00a0(numero 24) ou\u00a0<a href=\"http:\/\/coro.paroquiabaixadabanheira.org\/reportorio\/pascoa\/ladainhas.a.ferreira.santos.curta.pdf\">Ladainhas dos santos\u00a0<\/a>\u00a0<strong>Letra<\/strong>\u00a0(<a href=\"http:\/\/coro.paroquiabaixadabanheira.org\/reportorio\/natal\/oracao.universal.pdf\">Nossa Senhora)<\/a><\/li>\n<li>Apresenta\u00e7\u00e3o dos Dons:\u00a0<a href=\"http:\/\/coro.paroquiabaixadabanheira.org\/reportorio\/maria\/bendita.seja.virgem.maria.pdf\">Bendita Seja Virgem Maria<\/a><\/li>\n<li>Santo:\u00a0<a href=\"http:\/\/coro.paroquiabaixadabanheira.org\/reportorio\/santo\/santo.marco.frisina.pdf\">Santo Marco Frisina<\/a> ou <a href=\"http:\/\/coro.paroquiabaixadabanheira.org\/reportorio\/santo\/santo.f.silva.jan.pdf\">Santo F. Silva 2<\/a><\/li>\n<li>Fra\u00e7\u00e3o do P\u00e3o:\u00a0<a href=\"http:\/\/coro.paroquiabaixadabanheira.org\/reportorio\/cordeiro\/agnus.dei.silvio.vicente.pdf\">Agnus Dei (S\u00edlvio Vicente)<\/a>\u00a0ou\u00a0<a href=\"http:\/\/coro.paroquiabaixadabanheira.org\/reportorio\/cordeiro\/cordeiro.aragues.pdf\">Cordeiro (Aragues)<\/a><\/li>\n<li>Comunh\u00e3o:\u00a0<a href=\"http:\/\/coro.paroquiabaixadabanheira.org\/reportorio\/final\/jesus.cristo.ontem.hoje.pdf\">Jesus Cristo, Ontem e Hoje<\/a><\/li>\n<li>Ac\u00e7\u00e3o de Gra\u00e7as:\u00a0<a href=\"http:\/\/coro.paroquiabaixadabanheira.org\/reportorio\/natal\/maria.es.arvore.da.vida.pdf\">Maria \u00e9s a \u00c1rvore da Vida<\/a><\/li>\n<li>Venera\u00e7\u00e3o \u00e0 Imagem do Menino:\u00a0<a href=\"http:\/\/coro.paroquiabaixadabanheira.org\/reportorio\/maria\/nossa.senhora.da.paz.pdf\">Nossa Senhora da Paz<\/a><\/li>\n<li>Venera\u00e7\u00e3o\u00a0\u00e0 Imagem do Menino:\u00a0<a href=\"http:\/\/coro.paroquiabaixadabanheira.org\/reportorio\/natal\/correi.pressurosos.pdf\">Correi Pressurosos a Bel\u00e9m<\/a><\/li>\n<li>Venera\u00e7\u00e3o \u00e0 Imagem do Menino:\u00a0<a href=\"http:\/\/coro.paroquiabaixadabanheira.org\/reportorio\/natal\/alegremse.os.ceus.pdf\">Alegrem-se os C\u00e9us e a Terra<\/a><\/li>\n<\/ul>\n<p>Trazer<\/p>\n<ul>\n<li><a href=\"http:\/\/coro.paroquiabaixadabanheira.org\/reportorio\/maria\/a.virgem.cheia.de.graca.pdf\">\u00c0\u00a0Virgem cheia de gra\u00e7a<\/a><\/li>\n<\/ul>\n\n\n<p><\/p>\n","protected":false},"excerpt":{"rendered":"<p>\u00abA paz esteja com todos v\u00f3s: rumo a uma paz \u201cdesarmada e desarmante\u201d\u00bb &#8220;\u00abA paz esteja com todos v\u00f3s: rumo a uma paz desarmada e desarmante \u00bb \u00e9 o tema da Mensagem do Papa Le\u00e3o XIV para o Dia Mundial &hellip;<\/p>\n<p class=\"read-more\"> <a class=\"more-link\" href=\"https:\/\/coro.paroquiabaixadabanheira.org\/?p=4927\"> <span class=\"screen-reader-text\">Solenidade de Santa Maria M\u00e3e de Deus (Dia Mundial da Paz)<\/span> Read More &raquo;<\/a><\/p>\n","protected":false},"author":3,"featured_media":0,"comment_status":"open","ping_status":"open","sticky":false,"template":"","format":"standard","meta":{"footnotes":""},"categories":[1],"tags":[],"class_list":["post-4927","post","type-post","status-publish","format-standard","hentry","category-uncategorized"],"_links":{"self":[{"href":"https:\/\/coro.paroquiabaixadabanheira.org\/index.php?rest_route=\/wp\/v2\/posts\/4927","targetHints":{"allow":["GET"]}}],"collection":[{"href":"https:\/\/coro.paroquiabaixadabanheira.org\/index.php?rest_route=\/wp\/v2\/posts"}],"about":[{"href":"https:\/\/coro.paroquiabaixadabanheira.org\/index.php?rest_route=\/wp\/v2\/types\/post"}],"author":[{"embeddable":true,"href":"https:\/\/coro.paroquiabaixadabanheira.org\/index.php?rest_route=\/wp\/v2\/users\/3"}],"replies":[{"embeddable":true,"href":"https:\/\/coro.paroquiabaixadabanheira.org\/index.php?rest_route=%2Fwp%2Fv2%2Fcomments&post=4927"}],"version-history":[{"count":3,"href":"https:\/\/coro.paroquiabaixadabanheira.org\/index.php?rest_route=\/wp\/v2\/posts\/4927\/revisions"}],"predecessor-version":[{"id":4930,"href":"https:\/\/coro.paroquiabaixadabanheira.org\/index.php?rest_route=\/wp\/v2\/posts\/4927\/revisions\/4930"}],"wp:attachment":[{"href":"https:\/\/coro.paroquiabaixadabanheira.org\/index.php?rest_route=%2Fwp%2Fv2%2Fmedia&parent=4927"}],"wp:term":[{"taxonomy":"category","embeddable":true,"href":"https:\/\/coro.paroquiabaixadabanheira.org\/index.php?rest_route=%2Fwp%2Fv2%2Fcategories&post=4927"},{"taxonomy":"post_tag","embeddable":true,"href":"https:\/\/coro.paroquiabaixadabanheira.org\/index.php?rest_route=%2Fwp%2Fv2%2Ftags&post=4927"}],"curies":[{"name":"wp","href":"https:\/\/api.w.org\/{rel}","templated":true}]}}