{"id":4938,"date":"2026-01-15T00:52:16","date_gmt":"2026-01-15T00:52:16","guid":{"rendered":"https:\/\/coro.paroquiabaixadabanheira.org\/?p=4938"},"modified":"2026-01-15T00:53:49","modified_gmt":"2026-01-15T00:53:49","slug":"domingo-ii-do-tempo-comum-16","status":"publish","type":"post","link":"https:\/\/coro.paroquiabaixadabanheira.org\/?p=4938","title":{"rendered":"Domingo II do Tempo Comum"},"content":{"rendered":"<p>&#8220;Precisamos incessantemente de ver para acreditar. Ent\u00e3o, para que a cegueira do nosso cora\u00e7\u00e3o n\u00e3o nos abandone nas trevas, Jesus vem. \u00c9 luz que ilumina o nosso peregrinar. \u00c9 justi\u00e7a que proclama fidelidade. \u00c9 gra\u00e7a que como cacho de uvas se renova a cada bago. \u00c9 verbo e \u00e9 carne humana que se faz migalha de P\u00e3o e sacia. \u00c9 Cordeiro de Deus, para que n\u00e3o haja mais holocaustos, nem sacrif\u00edcios.<\/p>\n<p>Jesus vem e o Esp\u00edrito permanece n\u2019Ele, para que cada um de n\u00f3s sinta que O Cristo \u00e9 O Filho do Pai que nos encontra, sempre. Jo\u00e3o, o Batista, viu. Hoje, eu e tu somos chamados a ver, para que todos olhem para n\u00f3s e vejam, nas nossas obras de paz, Jesus, o verdadeiro Cordeiro que tira o pecado do mundo.&#8221;\u00a0 \u00a0 <em>In Arquidiocese de Braga<\/em><\/p>\n<p><strong>C\u00e2nticos para o Domingo II do Tempo Comum \u2013 Ano C (<\/strong><a href=\"https:\/\/www.liturgia.pt\/liturgiadiaria\/dia.php?data=2026-1-18\"><strong>liturgia<\/strong><\/a><strong>)<\/strong><\/p>\n<ul>\n<li>Entrada:\u00a0<a href=\"http:\/\/coro.paroquiabaixadabanheira.org\/reportorio\/entrada\/toda.terra.vos.adore.pdf\">Toda a Terra vos Adore<\/a><\/li>\n<li>Acto Penitencial:\u00a0<a href=\"http:\/\/coro.paroquiabaixadabanheira.org\/reportorio\/penitencial\/kyrie.VIII.jan.pdf\">Kyrie Eleison (Jan)<\/a><\/li>\n<li>Salmo: 39 <em>(40) <a href=\"https:\/\/www.liturgia.pt\/multimedia\/mp3\/SalmosResponsoriais\/035_TC_A_2Dom-EuVenhoSenhor.mp3\">\u201cEu venho, Senhor, para fazer a vossa vontade.\u201d<\/a><\/em><\/li>\n<li>Aclama\u00e7\u00e3o ao Evangelho: <a href=\"http:\/\/coro.paroquiabaixadabanheira.org\/reportorio\/aclama\/aleluia.manuel.faria.pdf\">Aleluia (Manuel Faria)<\/a>\u00a0<strong>\u201cO Verbo fez-Se carne e habitou entre n\u00f3s. \u00c0queles que O receberam deu-lhes o poder de se tornarem filhos de Deus.\u201d<\/strong><\/li>\n<li>Apresenta\u00e7\u00e3o dos Dons:\u00a0<a href=\"http:\/\/coro.paroquiabaixadabanheira.org\/reportorio\/ofertorio\/eis.o.cordeiro.de.deus.manuel.luis.pdf\">Eis o cordeiro de deus<\/a><\/li>\n<li>Santo:\u00a0<a href=\"http:\/\/coro.paroquiabaixadabanheira.org\/reportorio\/santo\/santo.f.silva.jan.pdf\">Santo F. Silva 2<\/a> ou\u00a0<a href=\"http:\/\/coro.paroquiabaixadabanheira.org\/reportorio\/santo\/santo.cartageno2.pdf\">Santo Cartageno 2<\/a><\/li>\n<li>Fra\u00e7\u00e3o do P\u00e3o:\u00a0<a href=\"https:\/\/coro.paroquiabaixadabanheira.org\/reportorio\/cordeiro\/cordeiro.cartageno2.pdf\">Cordeiro 2 (A. Cartageno)<\/a><\/li>\n<li>Comunh\u00e3o:\u00a0<a href=\"http:\/\/coro.paroquiabaixadabanheira.org\/reportorio\/comunhao\/nos.conhecemos.e.acreditamos.pdf\">N\u00f3s conhecemos e acreditamos<\/a><\/li>\n<li>Ac\u00e7\u00e3o de Gra\u00e7as: <a href=\"http:\/\/coro.paroquiabaixadabanheira.org\/reportorio\/gracas\/o.amor.de.deus.repousa.pdf\">O amor de Deus repousa em mim<\/a><\/li>\n<li>Final: <a href=\"http:\/\/coro.paroquiabaixadabanheira.org\/reportorio\/final\/os.povos.vos.louvem.pdf\">Os povos vos louvem\u00a0<\/a><\/li>\n<\/ul>\n<p>Trazer:<\/p>\n<ul>\n<li><a href=\"http:\/\/coro.paroquiabaixadabanheira.org\/reportorio\/cordeiro\/cordeiro.de.deus.mario.silva.pdf\">Cordeiro de Deus M. Silva<\/a><\/li>\n<\/ul>\n","protected":false},"excerpt":{"rendered":"<p>&#8220;Precisamos incessantemente de ver para acreditar. Ent\u00e3o, para que a cegueira do nosso cora\u00e7\u00e3o n\u00e3o nos abandone nas trevas, Jesus vem. \u00c9 luz que ilumina o nosso peregrinar. \u00c9 justi\u00e7a que proclama fidelidade. \u00c9 gra\u00e7a que como cacho de uvas &hellip;<\/p>\n<p class=\"read-more\"> <a class=\"more-link\" href=\"https:\/\/coro.paroquiabaixadabanheira.org\/?p=4938\"> <span class=\"screen-reader-text\">Domingo II do Tempo Comum<\/span> Read More &raquo;<\/a><\/p>\n","protected":false},"author":3,"featured_media":0,"comment_status":"open","ping_status":"open","sticky":false,"template":"","format":"standard","meta":{"footnotes":""},"categories":[1],"tags":[],"class_list":["post-4938","post","type-post","status-publish","format-standard","hentry","category-uncategorized"],"_links":{"self":[{"href":"https:\/\/coro.paroquiabaixadabanheira.org\/index.php?rest_route=\/wp\/v2\/posts\/4938","targetHints":{"allow":["GET"]}}],"collection":[{"href":"https:\/\/coro.paroquiabaixadabanheira.org\/index.php?rest_route=\/wp\/v2\/posts"}],"about":[{"href":"https:\/\/coro.paroquiabaixadabanheira.org\/index.php?rest_route=\/wp\/v2\/types\/post"}],"author":[{"embeddable":true,"href":"https:\/\/coro.paroquiabaixadabanheira.org\/index.php?rest_route=\/wp\/v2\/users\/3"}],"replies":[{"embeddable":true,"href":"https:\/\/coro.paroquiabaixadabanheira.org\/index.php?rest_route=%2Fwp%2Fv2%2Fcomments&post=4938"}],"version-history":[{"count":2,"href":"https:\/\/coro.paroquiabaixadabanheira.org\/index.php?rest_route=\/wp\/v2\/posts\/4938\/revisions"}],"predecessor-version":[{"id":4940,"href":"https:\/\/coro.paroquiabaixadabanheira.org\/index.php?rest_route=\/wp\/v2\/posts\/4938\/revisions\/4940"}],"wp:attachment":[{"href":"https:\/\/coro.paroquiabaixadabanheira.org\/index.php?rest_route=%2Fwp%2Fv2%2Fmedia&parent=4938"}],"wp:term":[{"taxonomy":"category","embeddable":true,"href":"https:\/\/coro.paroquiabaixadabanheira.org\/index.php?rest_route=%2Fwp%2Fv2%2Fcategories&post=4938"},{"taxonomy":"post_tag","embeddable":true,"href":"https:\/\/coro.paroquiabaixadabanheira.org\/index.php?rest_route=%2Fwp%2Fv2%2Ftags&post=4938"}],"curies":[{"name":"wp","href":"https:\/\/api.w.org\/{rel}","templated":true}]}}