{"id":4942,"date":"2026-01-22T00:36:28","date_gmt":"2026-01-22T00:36:28","guid":{"rendered":"https:\/\/coro.paroquiabaixadabanheira.org\/?p=4942"},"modified":"2026-01-22T00:36:29","modified_gmt":"2026-01-22T00:36:29","slug":"domingo-iii-do-tempo-comum-domingo-da-palavra-de-deus-7","status":"publish","type":"post","link":"https:\/\/coro.paroquiabaixadabanheira.org\/?p=4942","title":{"rendered":"Domingo III do Tempo Comum (Domingo da Palavra de Deus)"},"content":{"rendered":"<p>&#8220;O Domingo da Palavra de Deus ocorre no 3.\u00ba Domingo do Tempo Comum, 25 de janeiro de 2026, dia da celebra\u00e7\u00e3o da Convers\u00e3o de S\u00e3o Paulo e conclus\u00e3o da Semana de Ora\u00e7\u00e3o pela Unidade dos Crist\u00e3o, e o tema escolhido para este ano \u00e9 uma frase de S\u00e3o Paulo \u201cA palavra de Cristo habite entre v\u00f3s\u201d (Col 3,16).<\/p>\n<p>Na apresenta\u00e7\u00e3o do tema,\u00a0<a href=\"https:\/\/c-b-f.org\/en\/Materials\/Biblical-Resources\/Biblical-Pastoral-Resources\/SotWoG-2026#portuguese\" target=\"_blank\" rel=\"noreferrer noopener\">Dom Rino Fisichella explica<\/a>\u00a0que \u201crecebemos do Ap\u00f3stolo n\u00e3o um mero convite moral, mas a indica\u00e7\u00e3o de uma nova forma de exist\u00eancia. Paulo n\u00e3o pede que a Palavra seja apenas ouvida ou estudada: ele quer que ela \u2018habite\u2019, isto \u00e9, que se fixe de forma est\u00e1vel, plasme os pensamentos, oriente os desejos e torne cred\u00edvel o testemunho dos disc\u00edpulos. A Palavra de Cristo permanece como crit\u00e9rio seguro que unifica e torna fecunda a vida da comunidade crist\u00e3\u201d.<\/p>\n<p>Para ajudar a valorizar a Palavra, e dinamizar este Dia, o Servi\u00e7o Diocesano da Catequese faz uma proposta para a catequese e lan\u00e7a um desafio \u00e0s fam\u00edlias.<\/p>\n<p>Os materiais podem ser descarregados\u00a0<a href=\"https:\/\/app.box.com\/s\/c9b94rkofu11vqxeasu3zlnpaz73ssgd\" target=\"_blank\" rel=\"noreferrer noopener\">AQUI<\/a>\u00a0[<a href=\"http:\/\/l-f.pt\/rpkh\">http:\/\/l-f.pt\/rpkh<\/a>]\u00a0em v\u00e1rios formatos.<\/p>\n<p>O Papa Francisco instituiu o Domingo da Palavra de Deus com o desejo que \u201ca Palavra de Deus seja cada vez mais celebrada, conhecida e difundida, para que se possa, atrav\u00e9s dela, compreender melhor o mist\u00e9rio de amor que dimana daquela fonte de miseric\u00f3rdia\u201d e \u201crenovar o compromisso em prol da difus\u00e3o, conhecimento e aprofundamento da Sagrada Escritura: um domingo dedicado inteiramente \u00e0 Palavra de Deus, para compreender a riqueza inesgot\u00e1vel que prov\u00e9m daquele di\u00e1logo constante de Deus com o seu povo\u201d (MM,7).&#8221;\u00a0 \u00a0 \u00a0 <em>In Diocese Leiria-F\u00e1tima<\/em><\/p>\n<p><strong>C\u00e2nticos para o Domingo III do Tempo Comum ( Oitav\u00e1rio de Ora\u00e7\u00e3o pela Unidade dos Crist\u00e3os e Domingo da Palavra de Deus) \u2013 Ano A (<a href=\"https:\/\/www.liturgia.pt\/liturgiadiaria\/dia.php?data=2026-1-25\">liturgia<\/a>)<\/strong><\/p>\n<ul>\n<li>Entrada: <a href=\"http:\/\/coro.paroquiabaixadabanheira.org\/reportorio\/entrada\/cantai.ao.senhor.pdf\">Cantai ao Senhor um c\u00e2ntico novo<\/a><\/li>\n<li>Acto Penitencial:\u00a0<a href=\"http:\/\/coro.paroquiabaixadabanheira.org\/reportorio\/penitencial\/kyrie.VIII.jan.pdf\">Kyrie Eleison (Jan)<\/a><\/li>\n<li>Apresenta\u00e7\u00e3o da palavra: <a href=\"http:\/\/coro.paroquiabaixadabanheira.org\/reportorio\/ofertorio\/tens.palavras.de.vida.eterna.pdf\">Tens palavras de vida eterna<\/a><\/li>\n<li>Salmo: 26 <em>(27) <a href=\"https:\/\/www.liturgia.pt\/multimedia\/mp3\/SalmosResponsoriais\/036_TC_A_3Dom-OSenhorMeIlumina.mp3\">\u201cO Senhor \u00e9 minha luz e minha\u00a0salva\u00e7\u00e3o.\u201d<\/a><\/em><\/li>\n<li>Aclama\u00e7\u00e3o ao Evangelho:\u00a0<a href=\"http:\/\/coro.paroquiabaixadabanheira.org\/reportorio\/aclama\/aleluia.manuel.faria.pdf\">Aleluia (Manuel Faria)<\/a>\u00a0<strong>\u201cJesus proclamava o Evangelho do reino e curava todas as doen\u00e7as entre o povo.\u201d<\/strong><\/li>\n<li>Apresenta\u00e7\u00e3o dos Dons: <a href=\"http:\/\/coro.paroquiabaixadabanheira.org\/reportorio\/diversos\/o.pescador.do.lago.da.galileia.pdf\">\u00d3 Pescador do lago da Galileia<\/a> ou <a href=\"http:\/\/coro.paroquiabaixadabanheira.org\/reportorio\/diversos\/tu.que.nas.margens.do.lago.pdf\">Tu Que Nas Margens do Lago<\/a><\/li>\n<li>Santo:\u00a0<a href=\"http:\/\/coro.paroquiabaixadabanheira.org\/reportorio\/santo\/santo.f.silva.jan.pdf\">Santo F. Silva 2<\/a><\/li>\n<li>Fra\u00e7\u00e3o do P\u00e3o:\u00a0<a href=\"https:\/\/coro.paroquiabaixadabanheira.org\/reportorio\/cordeiro\/cordeiro.cartageno2.pdf\">Cordeiro 2 (A. Cartageno)<\/a> ou <a href=\"http:\/\/coro.paroquiabaixadabanheira.org\/reportorio\/cordeiro\/cordeiro.aragues.pdf\">Cordeiro (Aragues)<\/a><\/li>\n<li>Comunh\u00e3o: <a href=\"http:\/\/coro.paroquiabaixadabanheira.org\/reportorio\/comunhao\/aproximai.vos.do.senhor.pdf\">Aproximai-vos do Senhor<\/a><\/li>\n<li>Ac\u00e7\u00e3o de Gra\u00e7as: <a href=\"http:\/\/coro.paroquiabaixadabanheira.org\/reportorio\/final\/a.palavra.de.deus.esteja.sempre.pdf\">A palavra de Deus esteja sempre<\/a><\/li>\n<li>Final: <a title=\"Taiz\u00e9\" href=\"http:\/\/coro.paroquiabaixadabanheira.org\/reportorio\/palavra\/a.tua.palavra.senhor.pdf\">A tua palavra Senhor<\/a><\/li>\n<\/ul>\n<p>Trazer:<\/p>\n<ul>\n<li><a href=\"http:\/\/coro.paroquiabaixadabanheira.org\/reportorio\/cordeiro\/cordeiro.de.deus.mario.silva.pdf\">Cordeiro de Deus M. Silva<\/a><\/li>\n<\/ul>\n","protected":false},"excerpt":{"rendered":"<p>&#8220;O Domingo da Palavra de Deus ocorre no 3.\u00ba Domingo do Tempo Comum, 25 de janeiro de 2026, dia da celebra\u00e7\u00e3o da Convers\u00e3o de S\u00e3o Paulo e conclus\u00e3o da Semana de Ora\u00e7\u00e3o pela Unidade dos Crist\u00e3o, e o tema escolhido &hellip;<\/p>\n<p class=\"read-more\"> <a class=\"more-link\" href=\"https:\/\/coro.paroquiabaixadabanheira.org\/?p=4942\"> <span class=\"screen-reader-text\">Domingo III do Tempo Comum (Domingo da Palavra de Deus)<\/span> Read More &raquo;<\/a><\/p>\n","protected":false},"author":3,"featured_media":0,"comment_status":"open","ping_status":"open","sticky":false,"template":"","format":"standard","meta":{"footnotes":""},"categories":[1],"tags":[],"class_list":["post-4942","post","type-post","status-publish","format-standard","hentry","category-uncategorized"],"_links":{"self":[{"href":"https:\/\/coro.paroquiabaixadabanheira.org\/index.php?rest_route=\/wp\/v2\/posts\/4942","targetHints":{"allow":["GET"]}}],"collection":[{"href":"https:\/\/coro.paroquiabaixadabanheira.org\/index.php?rest_route=\/wp\/v2\/posts"}],"about":[{"href":"https:\/\/coro.paroquiabaixadabanheira.org\/index.php?rest_route=\/wp\/v2\/types\/post"}],"author":[{"embeddable":true,"href":"https:\/\/coro.paroquiabaixadabanheira.org\/index.php?rest_route=\/wp\/v2\/users\/3"}],"replies":[{"embeddable":true,"href":"https:\/\/coro.paroquiabaixadabanheira.org\/index.php?rest_route=%2Fwp%2Fv2%2Fcomments&post=4942"}],"version-history":[{"count":2,"href":"https:\/\/coro.paroquiabaixadabanheira.org\/index.php?rest_route=\/wp\/v2\/posts\/4942\/revisions"}],"predecessor-version":[{"id":4944,"href":"https:\/\/coro.paroquiabaixadabanheira.org\/index.php?rest_route=\/wp\/v2\/posts\/4942\/revisions\/4944"}],"wp:attachment":[{"href":"https:\/\/coro.paroquiabaixadabanheira.org\/index.php?rest_route=%2Fwp%2Fv2%2Fmedia&parent=4942"}],"wp:term":[{"taxonomy":"category","embeddable":true,"href":"https:\/\/coro.paroquiabaixadabanheira.org\/index.php?rest_route=%2Fwp%2Fv2%2Fcategories&post=4942"},{"taxonomy":"post_tag","embeddable":true,"href":"https:\/\/coro.paroquiabaixadabanheira.org\/index.php?rest_route=%2Fwp%2Fv2%2Ftags&post=4942"}],"curies":[{"name":"wp","href":"https:\/\/api.w.org\/{rel}","templated":true}]}}