{"id":4948,"date":"2026-02-05T00:10:46","date_gmt":"2026-02-05T00:10:46","guid":{"rendered":"https:\/\/coro.paroquiabaixadabanheira.org\/?p=4948"},"modified":"2026-02-05T00:29:21","modified_gmt":"2026-02-05T00:29:21","slug":"domingo-v-do-tempo-comum-15","status":"publish","type":"post","link":"https:\/\/coro.paroquiabaixadabanheira.org\/?p=4948","title":{"rendered":"Domingo V do Tempo Comum"},"content":{"rendered":"<p>&#8220;O Evangelho segundo S\u00e3o Mateus desafia-nos a sermos \u201csal da terra\u201d e \u201cluz do mundo\u201d, imagens que refletem a miss\u00e3o de cada crist\u00e3o dentro da comunidade. Ser sal \u00e9 dar sabor e sentido \u00e0 vida, comprometendo-nos com o bem dos outros, enquanto ser luz \u00e9 testemunhar a f\u00e9 e iluminar o caminho dos que nos rodeiam. A Palavra de Deus convida-nos a sair do individualismo, lembrando que a Igreja \u00e9, por natureza, uma comunidade em caminho. Caminhar juntos significa partilhar dons, escutar, dialogar e assumir responsabilidades em conjunto. A sinodalidade nasce do Evangelho e concretiza-se na vida concreta da Igreja. Cada pessoa, com a sua hist\u00f3ria e capacidades, \u00e9 essencial para que a luz de Cristo brilhe no mundo. Assim, o Evangelho \u00e9 para todos: todos somos chamados a viver e a partilhar a f\u00e9, a cuidar dos outros e a construir uma Igreja aberta, acolhedora e comprometida com o servi\u00e7o. S\u00f3 juntos podemos ser verdadeiro sal e aut\u00eantica luz no mundo, glorificando Deus com as nossas obras.&#8221;\u00a0 \u00a0 \u00a0 \u00a0<em>In Arquidiocese de Braga<\/em><\/p>\n<p><strong>C\u00e2nticos para o Domingo V do Tempo Comum \u2013 Ano A (<a href=\"https:\/\/www.liturgia.pt\/liturgiadiaria\/dia.php?data=2026-2-8\">liturgia<\/a>)<\/strong><\/p>\n<ul>\n<li>Entrada: <a href=\"http:\/\/coro.paroquiabaixadabanheira.org\/reportorio\/entrada\/servi.o.senhor.com.alegria.pdf\">Servi o Senhor com Alegria<\/a><\/li>\n<li>Acto Penitencial:\u00a0<a href=\"http:\/\/coro.paroquiabaixadabanheira.org\/reportorio\/penitencial\/kyrie.VIII.jan.pdf\">Kyrie Eleison (Jan)<\/a><\/li>\n<li>Salmo: 111<em>\u00a0(112)<\/em>\u00a0<a href=\"https:\/\/www.liturgia.pt\/multimedia\/mp3\/SalmosResponsoriais\/038_TC_A_5Dom-ParaOHomemRecto.mp3\"><em>\u201cPara o homem recto nascer\u00e1 uma luz no meio das trevas.\u201d<\/em><\/a><\/li>\n<li>Aclama\u00e7\u00e3o ao Evangelho:\u00a0<a href=\"http:\/\/coro.paroquiabaixadabanheira.org\/reportorio\/aclama\/aleluia.manuel.faria.pdf\">Aleluia (Manuel Faria)<\/a>\u00a0<strong>\u201cEu sou a luz do mundo, diz o Senhor: quem Me segue ter\u00e1 a luz da vida.\u201d<\/strong><\/li>\n<li>Apresenta\u00e7\u00e3o dos Dons: <a href=\"http:\/\/coro.paroquiabaixadabanheira.org\/reportorio\/ofertorio\/brilhe.a.vossa.luz.pdf\">Brilhe a vossa luz<\/a><\/li>\n<li>Santo:\u00a0<a href=\"http:\/\/coro.paroquiabaixadabanheira.org\/reportorio\/santo\/santo.f.silva.jan.pdf\">Santo F. Silva 2<\/a><\/li>\n<li>Fra\u00e7\u00e3o do P\u00e3o:\u00a0<a href=\"https:\/\/coro.paroquiabaixadabanheira.org\/reportorio\/cordeiro\/cordeiro.cartageno2.pdf\">Cordeiro 2 (A. Cartageno)<\/a>\u00a0ou\u00a0<a href=\"http:\/\/coro.paroquiabaixadabanheira.org\/reportorio\/cordeiro\/cordeiro.aragues.pdf\">Cordeiro (Aragues)<\/a><\/li>\n<li>Comunh\u00e3o: <a href=\"http:\/\/coro.paroquiabaixadabanheira.org\/reportorio\/comunhao\/vos.sois.o.sal.da.terra.pdf\">V\u00f3s sois o sal da terra<\/a><\/li>\n<li>Ac\u00e7\u00e3o de Gra\u00e7as: <a href=\"http:\/\/coro.paroquiabaixadabanheira.org\/reportorio\/gracas\/povo.da.nova.alianca.pdf\">Povo da nova alian\u00e7a<\/a><\/li>\n<li>Final: <a href=\"http:\/\/coro.paroquiabaixadabanheira.org\/reportorio\/diversos\/sera.como.a.luz.do.meio.dia.pdf\">Ser\u00e1 Como a Luz do Meio Dia<\/a>\u00a0ou\u00a0<a href=\"http:\/\/coro.paroquiabaixadabanheira.org\/reportorio\/final\/quero.cantar.vosso.nome.pdf\">Quero cantar o vosso nome<\/a><\/li>\n<\/ul>\n<p>Trazer:<\/p>\n<ul>\n<li><a href=\"http:\/\/coro.paroquiabaixadabanheira.org\/reportorio\/cordeiro\/cordeiro.de.deus.mario.silva.pdf\">Cordeiro de Deus M. Silva<\/a><\/li>\n<\/ul>\n","protected":false},"excerpt":{"rendered":"<p>&#8220;O Evangelho segundo S\u00e3o Mateus desafia-nos a sermos \u201csal da terra\u201d e \u201cluz do mundo\u201d, imagens que refletem a miss\u00e3o de cada crist\u00e3o dentro da comunidade. Ser sal \u00e9 dar sabor e sentido \u00e0 vida, comprometendo-nos com o bem dos &hellip;<\/p>\n<p class=\"read-more\"> <a class=\"more-link\" href=\"https:\/\/coro.paroquiabaixadabanheira.org\/?p=4948\"> <span class=\"screen-reader-text\">Domingo V do Tempo Comum<\/span> Read More &raquo;<\/a><\/p>\n","protected":false},"author":3,"featured_media":0,"comment_status":"open","ping_status":"open","sticky":false,"template":"","format":"standard","meta":{"footnotes":""},"categories":[1],"tags":[],"class_list":["post-4948","post","type-post","status-publish","format-standard","hentry","category-uncategorized"],"_links":{"self":[{"href":"https:\/\/coro.paroquiabaixadabanheira.org\/index.php?rest_route=\/wp\/v2\/posts\/4948","targetHints":{"allow":["GET"]}}],"collection":[{"href":"https:\/\/coro.paroquiabaixadabanheira.org\/index.php?rest_route=\/wp\/v2\/posts"}],"about":[{"href":"https:\/\/coro.paroquiabaixadabanheira.org\/index.php?rest_route=\/wp\/v2\/types\/post"}],"author":[{"embeddable":true,"href":"https:\/\/coro.paroquiabaixadabanheira.org\/index.php?rest_route=\/wp\/v2\/users\/3"}],"replies":[{"embeddable":true,"href":"https:\/\/coro.paroquiabaixadabanheira.org\/index.php?rest_route=%2Fwp%2Fv2%2Fcomments&post=4948"}],"version-history":[{"count":1,"href":"https:\/\/coro.paroquiabaixadabanheira.org\/index.php?rest_route=\/wp\/v2\/posts\/4948\/revisions"}],"predecessor-version":[{"id":4949,"href":"https:\/\/coro.paroquiabaixadabanheira.org\/index.php?rest_route=\/wp\/v2\/posts\/4948\/revisions\/4949"}],"wp:attachment":[{"href":"https:\/\/coro.paroquiabaixadabanheira.org\/index.php?rest_route=%2Fwp%2Fv2%2Fmedia&parent=4948"}],"wp:term":[{"taxonomy":"category","embeddable":true,"href":"https:\/\/coro.paroquiabaixadabanheira.org\/index.php?rest_route=%2Fwp%2Fv2%2Fcategories&post=4948"},{"taxonomy":"post_tag","embeddable":true,"href":"https:\/\/coro.paroquiabaixadabanheira.org\/index.php?rest_route=%2Fwp%2Fv2%2Ftags&post=4948"}],"curies":[{"name":"wp","href":"https:\/\/api.w.org\/{rel}","templated":true}]}}