{"id":4951,"date":"2026-02-11T22:09:08","date_gmt":"2026-02-11T22:09:08","guid":{"rendered":"https:\/\/coro.paroquiabaixadabanheira.org\/?p=4951"},"modified":"2026-02-11T22:09:09","modified_gmt":"2026-02-11T22:09:09","slug":"domingo-vi-do-tempo-comum-15","status":"publish","type":"post","link":"https:\/\/coro.paroquiabaixadabanheira.org\/?p=4951","title":{"rendered":"Domingo VI do Tempo Comum"},"content":{"rendered":"<p>&#8220;A Palavra de Deus deste VI Domingo do Tempo Comum lembra-nos que a f\u00e9 n\u00e3o se vive apenas no cumprimento exterior de normas, mas na transforma\u00e7\u00e3o do cora\u00e7\u00e3o. Jesus n\u00e3o rejeita a Lei, mas leva-a \u00e0 sua plenitude, mostrando que a raiz do bem e do mal est\u00e1 nas atitudes interiores e na forma como nos relacionamos.<\/p>\n<p>Esta Palavra interpela a nossa comunidade (paroquial) a cuidar da qualidade das rela\u00e7\u00f5es. N\u00e3o basta reunir-se para celebrar se permanecem a indiferen\u00e7a, a dureza ou a falta de reconcilia\u00e7\u00e3o. A comunh\u00e3o celebrada na Eucaristia pede gestos concretos de di\u00e1logo, perd\u00e3o e verdade na vida quotidiana<\/p>\n<p>Viver como comunidade crist\u00e3 \u00e9 escolher, todos os dias, o caminho exigente do amor que constr\u00f3i e gera vida.&#8221;\u00a0 \u00a0 \u00a0 \u00a0 \u00a0 \u00a0 \u00a0 \u00a0 \u00a0 \u00a0 \u00a0 \u00a0 \u00a0 \u00a0 \u00a0 \u00a0 \u00a0 <em>In Arquidiocese de Braga<\/em><\/p>\n<p><strong>Aten\u00e7\u00e3o: <\/strong>O ensaio \u00e9 dia 12 de Fevereiro, 5\u00bafeira, \u00e0s 21h<\/p>\n<p><strong>C\u00e2nticos para o Domingo VI do Tempo Comum \u2013 Ano A (<a href=\"https:\/\/www.liturgia.pt\/liturgiadiaria\/dia.php?data=2026-2-15\">liturgia<\/a>)<\/strong><\/p>\n<ul>\n<li>Entrada: <a href=\"http:\/\/coro.paroquiabaixadabanheira.org\/reportorio\/entrada\/sede.a.rocha.pdf\">Sede a Rocha<\/a><\/li>\n<li>Acto Penitencial:\u00a0<a href=\"http:\/\/coro.paroquiabaixadabanheira.org\/reportorio\/penitencial\/kyrie.VIII.jan.pdf\">Kyrie Eleison (Jan)<\/a><\/li>\n<li>Salmo: 118<em> (119)<\/em> <a href=\"https:\/\/www.liturgia.pt\/multimedia\/mp3\/SalmosResponsoriais\/039_TC_A_6Dom-DitosoOQueAnda.mp3\"><em>\u201cDitoso o que anda na lei do Senhor.\u201d<\/em><\/a><\/li>\n<li>Aclama\u00e7\u00e3o ao Evangelho:\u00a0<a href=\"http:\/\/coro.paroquiabaixadabanheira.org\/reportorio\/aclama\/aleluia.manuel.faria.pdf\">Aleluia (Manuel Faria)<\/a>\u00a0<strong>\u201cBendito sejais, \u00f3 Pai, Senhor do c\u00e9u e da terra, porque revelastes aos pequeninos os mist\u00e9rios do reino.\u201d<\/strong><\/li>\n<li>Apresenta\u00e7\u00e3o dos Dons: <a href=\"http:\/\/coro.paroquiabaixadabanheira.org\/reportorio\/ofertorio\/aquele.que.praticar.e.ensinar.pdf\">Aquele que praticar e ensinar<\/a><\/li>\n<li>Santo:\u00a0<a href=\"http:\/\/coro.paroquiabaixadabanheira.org\/reportorio\/santo\/santo.f.silva.jan.pdf\">Santo F. Silva 2<\/a><\/li>\n<li>Fra\u00e7\u00e3o do P\u00e3o:\u00a0<a href=\"https:\/\/coro.paroquiabaixadabanheira.org\/reportorio\/cordeiro\/cordeiro.cartageno2.pdf\">Cordeiro 2 (A. Cartageno)<\/a>\u00a0ou\u00a0<a href=\"http:\/\/coro.paroquiabaixadabanheira.org\/reportorio\/cordeiro\/cordeiro.aragues.pdf\">Cordeiro (Aragues)<\/a><\/li>\n<li>Comunh\u00e3o: <a href=\"http:\/\/coro.paroquiabaixadabanheira.org\/reportorio\/comunhao\/se.cumprirdes.os.meus.mandamentos.pdf\">Se cumprirdes os meus mandamentos<\/a><\/li>\n<li>Ac\u00e7\u00e3o de Gra\u00e7as: <a href=\"http:\/\/coro.paroquiabaixadabanheira.org\/reportorio\/comunhao\/pao.que.vem.do.ceu.pdf\">O P\u00e3o que vem do c\u00e9u<\/a><\/li>\n<li>Final: <a href=\"http:\/\/coro.paroquiabaixadabanheira.org\/reportorio\/final\/conduzime.senhor.pdf\">Conduzi-me Senhor\u00a0<\/a><\/li>\n<\/ul>\n<p>Trazer:<\/p>\n<ul>\n<li><a href=\"http:\/\/coro.paroquiabaixadabanheira.org\/reportorio\/cordeiro\/cordeiro.de.deus.mario.silva.pdf\">Cordeiro de Deus M. Silva<\/a><\/li>\n<\/ul>\n","protected":false},"excerpt":{"rendered":"<p>&#8220;A Palavra de Deus deste VI Domingo do Tempo Comum lembra-nos que a f\u00e9 n\u00e3o se vive apenas no cumprimento exterior de normas, mas na transforma\u00e7\u00e3o do cora\u00e7\u00e3o. Jesus n\u00e3o rejeita a Lei, mas leva-a \u00e0 sua plenitude, mostrando que &hellip;<\/p>\n<p class=\"read-more\"> <a class=\"more-link\" href=\"https:\/\/coro.paroquiabaixadabanheira.org\/?p=4951\"> <span class=\"screen-reader-text\">Domingo VI do Tempo Comum<\/span> Read More &raquo;<\/a><\/p>\n","protected":false},"author":3,"featured_media":0,"comment_status":"open","ping_status":"open","sticky":false,"template":"","format":"standard","meta":{"footnotes":""},"categories":[1],"tags":[],"class_list":["post-4951","post","type-post","status-publish","format-standard","hentry","category-uncategorized"],"_links":{"self":[{"href":"https:\/\/coro.paroquiabaixadabanheira.org\/index.php?rest_route=\/wp\/v2\/posts\/4951","targetHints":{"allow":["GET"]}}],"collection":[{"href":"https:\/\/coro.paroquiabaixadabanheira.org\/index.php?rest_route=\/wp\/v2\/posts"}],"about":[{"href":"https:\/\/coro.paroquiabaixadabanheira.org\/index.php?rest_route=\/wp\/v2\/types\/post"}],"author":[{"embeddable":true,"href":"https:\/\/coro.paroquiabaixadabanheira.org\/index.php?rest_route=\/wp\/v2\/users\/3"}],"replies":[{"embeddable":true,"href":"https:\/\/coro.paroquiabaixadabanheira.org\/index.php?rest_route=%2Fwp%2Fv2%2Fcomments&post=4951"}],"version-history":[{"count":5,"href":"https:\/\/coro.paroquiabaixadabanheira.org\/index.php?rest_route=\/wp\/v2\/posts\/4951\/revisions"}],"predecessor-version":[{"id":4956,"href":"https:\/\/coro.paroquiabaixadabanheira.org\/index.php?rest_route=\/wp\/v2\/posts\/4951\/revisions\/4956"}],"wp:attachment":[{"href":"https:\/\/coro.paroquiabaixadabanheira.org\/index.php?rest_route=%2Fwp%2Fv2%2Fmedia&parent=4951"}],"wp:term":[{"taxonomy":"category","embeddable":true,"href":"https:\/\/coro.paroquiabaixadabanheira.org\/index.php?rest_route=%2Fwp%2Fv2%2Fcategories&post=4951"},{"taxonomy":"post_tag","embeddable":true,"href":"https:\/\/coro.paroquiabaixadabanheira.org\/index.php?rest_route=%2Fwp%2Fv2%2Ftags&post=4951"}],"curies":[{"name":"wp","href":"https:\/\/api.w.org\/{rel}","templated":true}]}}