{"id":4960,"date":"2026-02-15T18:41:46","date_gmt":"2026-02-15T18:41:46","guid":{"rendered":"https:\/\/coro.paroquiabaixadabanheira.org\/?p=4960"},"modified":"2026-02-15T18:41:47","modified_gmt":"2026-02-15T18:41:47","slug":"quarta-feira-de-cinzas-inicio-da-quaresma-9","status":"publish","type":"post","link":"https:\/\/coro.paroquiabaixadabanheira.org\/?p=4960","title":{"rendered":"Quarta-Feira de Cinzas \u2013 In\u00edcio da Quaresma"},"content":{"rendered":"<p>O ensaio para a liturgia de Quarta-Feira de Cinzas ser\u00e1 2\u00ba feira, dia 16 de Fevereiro \u00e0 mesma hora.<\/p>\n<p>&#8221; &#8220;Escutar e jejuar. Quaresma como tempo de convers\u00e3o&#8221; \u00e9 o t\u00edtulo da mensagem do Papa Le\u00e3o XIV para a Quaresma de 2026. O Pont\u00edfice convida os fi\u00e9is a um &#8220;jejum que tamb\u00e9m passe pela l\u00edngua, para que diminuam as palavras ofensivas e aumente o espa\u00e7o dado \u00e0 voz do outro&#8221;. &#8221;\u00a0 \u00a0 \u00a0 \u00a0 \u00a0 <em>in Vaticannews<\/em><\/p>\n<p>&#8220;Um jejum de palavras ofensivas: este \u00e9 o convite do Papa Le\u00e3o XIV aos fi\u00e9is que se preparam para viver a Quaresma, \u201ctempo em que a Igreja nos convida a recolocar o mist\u00e9rio de Deus no centro da nossa vida\u201d.<\/p>\n<p><strong>Escutar<\/strong><\/p>\n<p>Este ano, o Papa destaca, em primeiro lugar, a import\u00e2ncia de dar lugar \u00e0 Palavra atrav\u00e9s da\u00a0escuta, \u201cpois a disponibilidade para escutar \u00e9 o primeiro sinal com que se manifesta o desejo de entrar em rela\u00e7\u00e3o com o outro\u201d.<\/p>\n<p>Escutar a Palavra na liturgia, escreve Le\u00e3o XIV, educa-nos para uma escuta mais verdadeira da realidade. \u201cEntre as muitas vozes que passam pela nossa vida pessoal e social, as Sagradas Escrituras tornam-nos capazes de reconhecer aquela que surge do sofrimento e da injusti\u00e7a, para que n\u00e3o fique sem resposta.\u201d<\/p>\n<p><strong>Jejuar<\/strong><\/p>\n<p>Se a Quaresma \u00e9 um tempo de escuta, prossegue o Papa, o\u00a0jejum\u00a0constitui uma pr\u00e1tica concreta que nos predisp\u00f5e a acolher a Palavra de Deus. Por implicar o corpo, \u00e9 \u00fatil para discernir e ordenar os \u201capetites\u201d, para manter vigilante a fome e a sede de justi\u00e7a, subtraindo-a \u00e0 resigna\u00e7\u00e3o e instruindo-a a fim de se tornar ora\u00e7\u00e3o e responsabilidade para com o pr\u00f3ximo.<\/p>\n<p>No entanto, adverte o Santo Padre, para que o jejum conserve a sua autenticidade evang\u00e9lica e evite a tenta\u00e7\u00e3o de envaidecer o cora\u00e7\u00e3o, deve ser sempre vivido com f\u00e9 e humildade e deve incluir tamb\u00e9m outras formas de priva\u00e7\u00e3o.<\/p>\n<p>Le\u00e3o XIV ent\u00e3o convida os fi\u00e9is a uma forma de abstin\u00eancia \u201cmuito concreta e frequentemente pouco apreciada\u201d, ou seja, a abstin\u00eancia de palavras que atingem e ferem o nosso pr\u00f3ximo.<\/p>\n<p>\u201cComecemos por desarmar a linguagem, renunciando \u00e0s palavras mordazes, ao ju\u00edzo temer\u00e1rio, ao falar mal de quem est\u00e1 ausente e n\u00e3o se pode defender, \u00e0s cal\u00fanias\u201d, pode-se ler na Mensagem.<\/p>\n<p>Em vez disso, o Papa prop\u00f5e aprender a medir as palavras e a cultivar a gentileza na fam\u00edlia, entre amigos, nos locais de trabalho, nas redes sociais, nos debates pol\u00edticos, nos meios de comunica\u00e7\u00e3o social e nas comunidades crist\u00e3s. \u201cAssim, muitas palavras de \u00f3dio dar\u00e3o lugar a palavras de esperan\u00e7a e paz.\u201d<\/p>\n<p><strong>Juntos<\/strong><\/p>\n<p>O Papa recorda que a Quaresma real\u00e7a a dimens\u00e3o comunit\u00e1ria da escuta da Palavra e da pr\u00e1tica do jejum.<\/p>\n<p>\u201cAs nossas par\u00f3quias, fam\u00edlias, grupos eclesiais e comunidades religiosas s\u00e3o chamadas a percorrer, durante a Quaresma, um caminho partilhado, no qual a escuta da Palavra de Deus, assim como do clamor dos pobres e da terra, se torne forma de vida comum e o jejum suporte um verdadeiro arrependimento\u201d, afirma.<\/p>\n<p>Le\u00e3o XIV encerra sua mensagem exortando os fi\u00e9is a pedirem a gra\u00e7a de uma Quaresma que torne os nossos ouvidos mais atentos a Deus e aos \u00faltimos.<\/p>\n<p>\u201cPe\u00e7amos a for\u00e7a de um jejum que tamb\u00e9m passe pela l\u00edngua, para que diminuam as palavras ofensivas e aumente o espa\u00e7o dado \u00e0 voz do outro. E comprometamo-nos a fazer das nossas comunidades lugares onde o clamor de quem sofre seja acolhido e a escuta abra caminhos de liberta\u00e7\u00e3o, tornando-nos mais dispon\u00edveis e diligentes no contributo para construir a civiliza\u00e7\u00e3o do amor. De cora\u00e7\u00e3o, aben\u00e7oo todos voc\u00eas e o seu caminho quaresmal\u201d, escreve o Papa. &#8221;\u00a0 \u00a0 <em>in Voz Portucalense<\/em><\/p>\n<p>Deixo-vos aqui o link da mensagem completa do Papa Le\u00e3o XIV para a Quaresma \u2013 <a href=\"https:\/\/www.vatican.va\/content\/leo-xiv\/pt\/messages\/lent\/documents\/20260205-messaggio-quaresima.html\">Ler mais<\/a><\/p>\n<p>Mensagem para a Quaresma do Bispo de Set\u00fabal, Cardeal Am\u00e9rico Aguiar \u2013 <a href=\"https:\/\/diocese-setubal.pt\/mensagem-para-a-quaresma-2026\/\">Ler mais<\/a><\/p>\n<p><strong>C\u00e2nticos para a Quarta-Feira de Cinzas \u2013 Ano A (<\/strong><a href=\"https:\/\/www.liturgia.pt\/liturgiadiaria\/dia.php?data=2026-2-18\"><strong>liturgia<\/strong><\/a><strong>)<\/strong><\/p>\n<ul>\n<li>Entrada:\u00a0<a href=\"http:\/\/coro.paroquiabaixadabanheira.org\/reportorio\/quaresma\/de.todos.vos.campadeceis.azevedo.oliveira.pdf\">De todos vos compadeceis<\/a>\u00a0 ou \u00a0<a href=\"http:\/\/coro.paroquiabaixadabanheira.org\/reportorio\/quaresma\/olhai.para.mim.senhor.pdf\">Olhai para mim Senhor<\/a><\/li>\n<li>Salmo: 50<em>\u00a0(51)<\/em>\u00a0<a href=\"http:\/\/www.liturgia.pt\/multimedia\/mp3\/SalmosResponsoriais\/014_ABC_Cinzas.mp3\"><em>\u201cPec\u00e1mos, Senhor: tende compaix\u00e3o de n\u00f3s.\u201d<\/em><\/a><\/li>\n<li>Aclama\u00e7\u00e3o ao Evangelho:\u00a0<a href=\"http:\/\/coro.paroquiabaixadabanheira.org\/reportorio\/aclama\/louvor.a.vos.m.luis.pdf\">Louvor a V\u00f3s (M.Luis)<\/a>\u00a0\u00a0<strong>\u201cSe hoje ouvirdes a voz do Senhor,\u00a0n\u00e3o fecheis os vossos cora\u00e7\u00f5es.\u201d<\/strong><\/li>\n<li>S\u00faplica de Perd\u00e3o:\u00a0<a href=\"http:\/\/coro.paroquiabaixadabanheira.org\/reportorio\/penitencial\/senhor.tende.piedade.2.pdf\">Senhor, Tende Piedade\u00a0(Tom\u00e1s de Aragues)<\/a><\/li>\n<li>Imposi\u00e7\u00e3o das Cinzas:\u00a0<a href=\"http:\/\/coro.paroquiabaixadabanheira.org\/reportorio\/penitencial\/tende.compaixao.pdf\">Tende Compaix\u00e3o<\/a><\/li>\n<li>Imposi\u00e7\u00e3o das Cinzas:\u00a0<a href=\"http:\/\/coro.paroquiabaixadabanheira.org\/reportorio\/quaresma\/convertei.vos.ao.senhor.pdf\">Convertei-vos ao Senhor<\/a><\/li>\n<li>Imposi\u00e7\u00e3o das Cinzas:\u00a0<a href=\"http:\/\/coro.paroquiabaixadabanheira.org\/reportorio\/quaresma\/perdoa.o.teu.povo.az.oliveira.pdf\">Perdoa o teu povo<\/a><\/li>\n<li>Ora\u00e7\u00e3o dos Fi\u00e9is:\u00a0<a href=\"http:\/\/coro.paroquiabaixadabanheira.org\/reportorio\/aclamacao\/oracao.universal.pdf\">Respostas<\/a>\u00a0(numero 14)<\/li>\n<li>Apresenta\u00e7\u00e3o dos Dons:\u00a0<a href=\"http:\/\/coro.paroquiabaixadabanheira.org\/reportorio\/quaresma\/chegaram.os.dias.pdf\">Chegaram os dias de penit\u00eancia<\/a><\/li>\n<li>Santo:\u00a0<a href=\"http:\/\/coro.paroquiabaixadabanheira.org\/reportorio\/santo\/santo.a.l.webber.pdf\">Santo\u00a0(A. Webber)<\/a><\/li>\n<li>Cordeiro:\u00a0<a href=\"http:\/\/coro.paroquiabaixadabanheira.org\/reportorio\/cordeiro\/cordeiro.aragues.pdf\">Cordeiro (Aragues)<\/a><\/li>\n<li>Comunh\u00e3o:\u00a0<a href=\"http:\/\/coro.paroquiabaixadabanheira.org\/reportorio\/quaresma\/aquele.que.meditar.pdf\">Aquele que meditar dia e noite<\/a><\/li>\n<li>Ac\u00e7\u00e3o de Gra\u00e7as:\u00a0<a href=\"http:\/\/coro.paroquiabaixadabanheira.org\/reportorio\/quaresma\/do.abismo.em.que.vivo.pdf\">Do abismo em que vivo<\/a>\u00a0ou\u00a0<a href=\"http:\/\/coro.paroquiabaixadabanheira.org\/reportorio\/quaresma\/senhor.atendei.o.nosso.clamor.pdf\">Senhor atendei o nosso clamor<\/a><\/li>\n<li>Final:\u00a0<a href=\"http:\/\/coro.paroquiabaixadabanheira.org\/reportorio\/quaresma\/irmaos.convertei.pdf\">Irm\u00e3os, Convertei<\/a><\/li>\n<\/ul>\n","protected":false},"excerpt":{"rendered":"<p>O ensaio para a liturgia de Quarta-Feira de Cinzas ser\u00e1 2\u00ba feira, dia 16 de Fevereiro \u00e0 mesma hora. &#8221; &#8220;Escutar e jejuar. Quaresma como tempo de convers\u00e3o&#8221; \u00e9 o t\u00edtulo da mensagem do Papa Le\u00e3o XIV para a Quaresma &hellip;<\/p>\n<p class=\"read-more\"> <a class=\"more-link\" href=\"https:\/\/coro.paroquiabaixadabanheira.org\/?p=4960\"> <span class=\"screen-reader-text\">Quarta-Feira de Cinzas \u2013 In\u00edcio da Quaresma<\/span> Read More &raquo;<\/a><\/p>\n","protected":false},"author":3,"featured_media":0,"comment_status":"open","ping_status":"open","sticky":false,"template":"","format":"standard","meta":{"footnotes":""},"categories":[1],"tags":[],"class_list":["post-4960","post","type-post","status-publish","format-standard","hentry","category-uncategorized"],"_links":{"self":[{"href":"https:\/\/coro.paroquiabaixadabanheira.org\/index.php?rest_route=\/wp\/v2\/posts\/4960","targetHints":{"allow":["GET"]}}],"collection":[{"href":"https:\/\/coro.paroquiabaixadabanheira.org\/index.php?rest_route=\/wp\/v2\/posts"}],"about":[{"href":"https:\/\/coro.paroquiabaixadabanheira.org\/index.php?rest_route=\/wp\/v2\/types\/post"}],"author":[{"embeddable":true,"href":"https:\/\/coro.paroquiabaixadabanheira.org\/index.php?rest_route=\/wp\/v2\/users\/3"}],"replies":[{"embeddable":true,"href":"https:\/\/coro.paroquiabaixadabanheira.org\/index.php?rest_route=%2Fwp%2Fv2%2Fcomments&post=4960"}],"version-history":[{"count":4,"href":"https:\/\/coro.paroquiabaixadabanheira.org\/index.php?rest_route=\/wp\/v2\/posts\/4960\/revisions"}],"predecessor-version":[{"id":4964,"href":"https:\/\/coro.paroquiabaixadabanheira.org\/index.php?rest_route=\/wp\/v2\/posts\/4960\/revisions\/4964"}],"wp:attachment":[{"href":"https:\/\/coro.paroquiabaixadabanheira.org\/index.php?rest_route=%2Fwp%2Fv2%2Fmedia&parent=4960"}],"wp:term":[{"taxonomy":"category","embeddable":true,"href":"https:\/\/coro.paroquiabaixadabanheira.org\/index.php?rest_route=%2Fwp%2Fv2%2Fcategories&post=4960"},{"taxonomy":"post_tag","embeddable":true,"href":"https:\/\/coro.paroquiabaixadabanheira.org\/index.php?rest_route=%2Fwp%2Fv2%2Ftags&post=4960"}],"curies":[{"name":"wp","href":"https:\/\/api.w.org\/{rel}","templated":true}]}}