{"id":5004,"date":"2026-04-22T23:24:04","date_gmt":"2026-04-22T23:24:04","guid":{"rendered":"https:\/\/coro.paroquiabaixadabanheira.org\/?p=5004"},"modified":"2026-04-22T23:24:04","modified_gmt":"2026-04-22T23:24:04","slug":"domingo-iv-da-pascoa-domingo-do-bom-pastor-4","status":"publish","type":"post","link":"https:\/\/coro.paroquiabaixadabanheira.org\/?p=5004","title":{"rendered":"Domingo IV da P\u00e1scoa-Domingo do Bom Pastor"},"content":{"rendered":"<p>&#8220;Deus semeia no cora\u00e7\u00e3o de cada um de n\u00f3s uma voca\u00e7\u00e3o. \u00c9 o Santo Esp\u00edrito quem a desperta. \u00c9 o P\u00e3o Eucar\u00edstico quem a alimenta. Mas somos n\u00f3s, com as nossas fragilidades e virtudes humanas, que permitimos que a voca\u00e7\u00e3o ganhe corpo e fa\u00e7a a Igreja crescer. Ser Igreja \u00e9 viver como um rebanho d\u00f3cil que escuta a Palavra do Pai e a coloca em pr\u00e1tica. Ser voca\u00e7\u00e3o, ser miss\u00e3o na terra, implica muitas vezes aceitar o sofrimento, como Cristo o fez, e seguir o Bom Pastor sem hesita\u00e7\u00f5es, mesmo com anseios e d\u00favidas.<\/p>\n<p>Hoje, \u00e9 urgente passar pela porta do nosso Batismo e recordar que Jesus guiar\u00e1 terna e eternamente os nossos passos. \u00c9 Ele quem cuida de cada um de n\u00f3s e nos protege dos salteadores que roubam a paz e serenidade do prado verdejante que Deus Pai, carinhosamente, criou. Pe\u00e7amos hoje, a Jesus, Bom Pastor, que nos renove a capacidade de permitir que o p\u00e1roco da nossa comunidade seja um amigo presente nas nossas vidas, algu\u00e9m que nos ajuda a encontrar a alegria de ser uma ovelha que confia, plenamente, na voz que o chama. &#8221;\u00a0 <em>In Arquidiocese de Braga<\/em><\/p>\n<p><strong>C\u00e2nticos para o IV Domingo da P\u00e1scoa (Domingo do Bom Pastor e Dia Mundial da Ora\u00e7\u00e3o pelas Voca\u00e7\u00f5es \u2013 Ano A (<a href=\"https:\/\/www.liturgia.pt\/liturgiadiaria\/dia.php?data=2026-4-26\">liturgia)<\/a><\/strong><\/p>\n<ul>\n<li>Entrada:\u00a0<a href=\"http:\/\/coro.paroquiabaixadabanheira.org\/reportorio\/pascoa\/a.bondade.do.senhor.aleluia.pdf\">A bondade do Senhor\u2026Aleluia<\/a><a href=\"http:\/\/coro.paroquiabaixadabanheira.org\/reportorio\/pascoa\/este.e.o.dia.mluis.pdf\">\u00a0<\/a><\/li>\n<li>Acto Penitencial: <a href=\"http:\/\/coro.paroquiabaixadabanheira.org\/reportorio\/penitencial\/kyrie.eleison.marco.frisina.pdf\">Kyrie Eleison (Marco Frisina)<\/a>\u00a0ou\u00a0<a href=\"http:\/\/coro.paroquiabaixadabanheira.org\/reportorio\/penitencial\/senhor.misericordia.missal.pdf\">Senhor miseric\u00f3rdia (melodia do missal)<\/a><\/li>\n<li>ou Resposta antes da aspers\u00e3o:\u00a0<a href=\"http:\/\/coro.paroquiabaixadabanheira.org\/reportorio\/aclamacao\/gloria.a.vos.senhor.aclamacao.do.preconio.pdf\">Gloria a v\u00f3s senhor<\/a><\/li>\n<li>ou Aspers\u00e3o: <a href=\"http:\/\/coro.paroquiabaixadabanheira.org\/reportorio\/pascoa\/vi.a.fonte.de.agua.viva.azevedo.oliveira.pdf\">Vi a fonte de \u00e1gua viva<\/a> ou <a href=\"http:\/\/coro.paroquiabaixadabanheira.org\/reportorio\/baptismo\/vos.que.fostes.baptizados.2.pdf\">V\u00f3s que Fostes Baptizados<\/a><\/li>\n<li>Gl\u00f3ria:\u00a0<a href=\"http:\/\/coro.paroquiabaixadabanheira.org\/reportorio\/gloria\/gloria.2.vozes.pdf\">Gloria 2 Vozes<\/a><\/li>\n<li>Salmo 22<em>\u00a0(23)\u00a0<a href=\"https:\/\/www.liturgia.pt\/multimedia\/mp3\/SalmosResponsoriais\/017_Qua04AIVDom-OSenhorMeuPastor.mp3\">\u201dO Senhor \u00e9 meu pastor: nada me faltar\u00e1.\u201d<\/a><\/em><\/li>\n<li>Aclama\u00e7\u00e3o ao Evangelho:\u00a0\u00a0<a href=\"http:\/\/coro.paroquiabaixadabanheira.org\/reportorio\/pascoa\/aleluia.pascal.pdf\">Aleluia Pascal<\/a>\u00a0<strong>\u201cEu sou o bom pastor, diz o Senhor:<br \/>\nconhe\u00e7o as minhas ovelhas e elas conhecem-Me.\u201d<\/strong><\/li>\n<li>Ora\u00e7\u00e3o dos Fi\u00e9is:\u00a0<a href=\"http:\/\/coro.paroquiabaixadabanheira.org\/reportorio\/aclamacao\/oracao.universal.pdf\">Respostas\u00a0<\/a>\u2013 11<\/li>\n<li>Apresenta\u00e7\u00e3o dos Dons: <a href=\"http:\/\/coro.paroquiabaixadabanheira.org\/reportorio\/pascoa\/eu.sou.a.porta.pdf\">Eu sou a porta<\/a><\/li>\n<li>Santo: <a href=\"http:\/\/coro.paroquiabaixadabanheira.org\/reportorio\/santo\/santo.joao.andrade.nunes.pdf\">Santo J. A. Nunes<\/a><\/li>\n<li>Cordeiro: <a href=\"http:\/\/coro.paroquiabaixadabanheira.org\/reportorio\/cordeiro\/cordeiro.de.deus.fernando.lapa.pdf\">Cordeiro de Deus F. Lapa<\/a>\u00a0ou\u00a0<a href=\"http:\/\/coro.paroquiabaixadabanheira.org\/reportorio\/cordeiro\/cordeiro.de.deus.mario.silva.pdf\">Cordeiro de Deus M. Silva<\/a><\/li>\n<li>Comunh\u00e3o:\u00a0<a href=\"http:\/\/coro.paroquiabaixadabanheira.org\/reportorio\/pascoa\/ressuscitou.o.bom.pastor.pdf\">Ressuscitou o Bom Pastor<\/a><\/li>\n<li>Ac\u00e7\u00e3o de Gra\u00e7as:\u00a0<a href=\"http:\/\/coro.paroquiabaixadabanheira.org\/reportorio\/pascoa\/alegraivos.mae.de.jesus.pdf\">Alegrai-vos, M\u00e3e de Jesus<\/a><\/li>\n<li>Final: <a href=\"http:\/\/coro.paroquiabaixadabanheira.org\/reportorio\/pascoa\/ressuscitou.pdf\">Ressuscitou<\/a> ou <a href=\"http:\/\/coro.paroquiabaixadabanheira.org\/reportorio\/pascoa\/jesus.cristo.venceu.a.morte.pdf\">Jesus Cristo Venceu a Morte<\/a><\/li>\n<\/ul>\n<p>Trazer:<\/p>\n<ul>\n<li><a href=\"http:\/\/coro.paroquiabaixadabanheira.org\/reportorio\/pascoa\/nasceu.o.sol.da.pascoa.pdf\">Nasceu o Sol da P\u00e1scoa\u00a0<\/a><\/li>\n<\/ul>\n","protected":false},"excerpt":{"rendered":"<p>&#8220;Deus semeia no cora\u00e7\u00e3o de cada um de n\u00f3s uma voca\u00e7\u00e3o. \u00c9 o Santo Esp\u00edrito quem a desperta. \u00c9 o P\u00e3o Eucar\u00edstico quem a alimenta. Mas somos n\u00f3s, com as nossas fragilidades e virtudes humanas, que permitimos que a voca\u00e7\u00e3o &hellip;<\/p>\n<p class=\"read-more\"> <a class=\"more-link\" href=\"https:\/\/coro.paroquiabaixadabanheira.org\/?p=5004\"> <span class=\"screen-reader-text\">Domingo IV da P\u00e1scoa-Domingo do Bom Pastor<\/span> Read More &raquo;<\/a><\/p>\n","protected":false},"author":3,"featured_media":0,"comment_status":"open","ping_status":"open","sticky":false,"template":"","format":"standard","meta":{"footnotes":""},"categories":[1],"tags":[],"class_list":["post-5004","post","type-post","status-publish","format-standard","hentry","category-uncategorized"],"_links":{"self":[{"href":"https:\/\/coro.paroquiabaixadabanheira.org\/index.php?rest_route=\/wp\/v2\/posts\/5004","targetHints":{"allow":["GET"]}}],"collection":[{"href":"https:\/\/coro.paroquiabaixadabanheira.org\/index.php?rest_route=\/wp\/v2\/posts"}],"about":[{"href":"https:\/\/coro.paroquiabaixadabanheira.org\/index.php?rest_route=\/wp\/v2\/types\/post"}],"author":[{"embeddable":true,"href":"https:\/\/coro.paroquiabaixadabanheira.org\/index.php?rest_route=\/wp\/v2\/users\/3"}],"replies":[{"embeddable":true,"href":"https:\/\/coro.paroquiabaixadabanheira.org\/index.php?rest_route=%2Fwp%2Fv2%2Fcomments&post=5004"}],"version-history":[{"count":1,"href":"https:\/\/coro.paroquiabaixadabanheira.org\/index.php?rest_route=\/wp\/v2\/posts\/5004\/revisions"}],"predecessor-version":[{"id":5005,"href":"https:\/\/coro.paroquiabaixadabanheira.org\/index.php?rest_route=\/wp\/v2\/posts\/5004\/revisions\/5005"}],"wp:attachment":[{"href":"https:\/\/coro.paroquiabaixadabanheira.org\/index.php?rest_route=%2Fwp%2Fv2%2Fmedia&parent=5004"}],"wp:term":[{"taxonomy":"category","embeddable":true,"href":"https:\/\/coro.paroquiabaixadabanheira.org\/index.php?rest_route=%2Fwp%2Fv2%2Fcategories&post=5004"},{"taxonomy":"post_tag","embeddable":true,"href":"https:\/\/coro.paroquiabaixadabanheira.org\/index.php?rest_route=%2Fwp%2Fv2%2Ftags&post=5004"}],"curies":[{"name":"wp","href":"https:\/\/api.w.org\/{rel}","templated":true}]}}