{"id":5008,"date":"2026-04-25T22:48:53","date_gmt":"2026-04-25T22:48:53","guid":{"rendered":"https:\/\/coro.paroquiabaixadabanheira.org\/?p=5008"},"modified":"2026-04-25T22:48:53","modified_gmt":"2026-04-25T22:48:53","slug":"memoria-de-sao-jose-operario","status":"publish","type":"post","link":"https:\/\/coro.paroquiabaixadabanheira.org\/?p=5008","title":{"rendered":"Mem\u00f3ria de S\u00e3o Jos\u00e9 Oper\u00e1rio"},"content":{"rendered":"<p><img loading=\"lazy\" decoding=\"async\" class=\"aligncenter wp-image-5007 size-large\" src=\"https:\/\/coro.paroquiabaixadabanheira.org\/wp-content\/uploads\/2026\/04\/IMG-20260413-WA0000-702x1024.jpg\" alt=\"\" width=\"605\" height=\"883\" srcset=\"https:\/\/coro.paroquiabaixadabanheira.org\/wp-content\/uploads\/2026\/04\/IMG-20260413-WA0000-702x1024.jpg 702w, https:\/\/coro.paroquiabaixadabanheira.org\/wp-content\/uploads\/2026\/04\/IMG-20260413-WA0000-206x300.jpg 206w, https:\/\/coro.paroquiabaixadabanheira.org\/wp-content\/uploads\/2026\/04\/IMG-20260413-WA0000-768x1121.jpg 768w, https:\/\/coro.paroquiabaixadabanheira.org\/wp-content\/uploads\/2026\/04\/IMG-20260413-WA0000-1053x1536.jpg 1053w, https:\/\/coro.paroquiabaixadabanheira.org\/wp-content\/uploads\/2026\/04\/IMG-20260413-WA0000-100x146.jpg 100w, https:\/\/coro.paroquiabaixadabanheira.org\/wp-content\/uploads\/2026\/04\/IMG-20260413-WA0000-150x219.jpg 150w, https:\/\/coro.paroquiabaixadabanheira.org\/wp-content\/uploads\/2026\/04\/IMG-20260413-WA0000-200x292.jpg 200w, https:\/\/coro.paroquiabaixadabanheira.org\/wp-content\/uploads\/2026\/04\/IMG-20260413-WA0000-300x438.jpg 300w, https:\/\/coro.paroquiabaixadabanheira.org\/wp-content\/uploads\/2026\/04\/IMG-20260413-WA0000-450x657.jpg 450w, https:\/\/coro.paroquiabaixadabanheira.org\/wp-content\/uploads\/2026\/04\/IMG-20260413-WA0000-600x876.jpg 600w, https:\/\/coro.paroquiabaixadabanheira.org\/wp-content\/uploads\/2026\/04\/IMG-20260413-WA0000-900x1313.jpg 900w, https:\/\/coro.paroquiabaixadabanheira.org\/wp-content\/uploads\/2026\/04\/IMG-20260413-WA0000.jpg 1080w\" sizes=\"auto, (max-width: 605px) 100vw, 605px\" \/><\/p>\n<p>Ser\u00e1 realizado um <strong>Arraial no dia 1 de maio<\/strong>, no largo da <strong>Igreja da Baixa da Banheira<\/strong>, para festejar o dia de S\u00e3o Jos\u00e9 Oper\u00e1rio \u2013 Padroeiro da nossa par\u00f3quia.<\/p>\n<p>Os grupos da Catequese e jovens e toda a pastoral da igreja est\u00e1 envolvida na sua organiza\u00e7\u00e3o juntamente com o P\u00e1roco. Haver\u00e1 diversas barraquinhas de comes e bebes, quermesse, artesanato e actua\u00e7\u00e3o dos diversos grupos da catequese.<\/p>\n<p><strong>Toda a comunidade da Igreja e n\u00e3o s\u00f3, est\u00e3o convidados a participar neste evento.<\/strong><\/p>\n<p>S\u00e3o Jos\u00e9, o oper\u00e1rio, que, como carpinteiro de Nazar\u00e9, ajudou com o seu trabalho Maria e Jos\u00e9 e iniciou o Filho de Deus no trabalho humano. Por isso, neste dia em que se celebra a festa do trabalho em muitas terras, os trabalhadores crist\u00e3os veneram s\u00e3o Jos\u00e9 como seu exemplo e protetor. \u00a0<em>in\u00a0 Secretariado Nacional da Liturgia<\/em><\/p>\n<p><strong>C\u00e2nticos para a Missa Solene em Mem\u00f3ria de S. Jos\u00e9 Oper\u00e1rio &#8211; Padroeiro da Par\u00f3quia da Baixa da Banheira (<\/strong><a href=\"https:\/\/www.liturgia.pt\/santos\/santo_v.php?cod_santo=66\"><strong>liturgia<\/strong><strong>)<\/strong><\/a><\/p>\n<p>O ensaio ser\u00e1 realizado no dia 28 de Abril, 3\u00bafeira.<\/p>\n<ul>\n<li>Entrada:\u00a0<a href=\"http:\/\/coro.paroquiabaixadabanheira.org\/reportorio\/diversos\/eis.o.servo.fiel.e.diligente.pdf\">Eis o servo fiel e diligente<\/a><\/li>\n<li>Acto Penitencial: <a href=\"http:\/\/coro.paroquiabaixadabanheira.org\/reportorio\/penitencial\/kyrie.eleison.marco.frisina.pdf\">Kyrie Eleison (Marco Frisina)<\/a>\u00a0ou\u00a0<a href=\"http:\/\/coro.paroquiabaixadabanheira.org\/reportorio\/penitencial\/senhor.misericordia.missal.pdf\">Senhor miseric\u00f3rdia (melodia do missal)<\/a><\/li>\n<li>Gl\u00f3ria:\u00a0<a href=\"http:\/\/coro.paroquiabaixadabanheira.org\/reportorio\/gloria\/gloria.2.vozes.pdf\">Gloria 2 Vozes<\/a><\/li>\n<li>Salmo: 89(90)\u00a0<a href=\"http:\/\/coro.paroquiabaixadabanheira.org\/reportorio\/salmos\/confirmai.senhor.pdf\"><em>\u201dConfirmai, Senhor, a obra das nossas m\u00e3os<\/em><em>\u201d<\/em><\/a><\/li>\n<li>Aclama\u00e7\u00e3o ao Evangelho:\u00a0<a href=\"http:\/\/coro.paroquiabaixadabanheira.org\/reportorio\/pascoa\/aleluia.pascal.pdf\">Aleluia Pascal<\/a><a href=\"http:\/\/coro.paroquiabaixadabanheira.org\/reportorio\/aclama\/aleluia.janmichaeljoncas.pdf\">\u00a0<\/a><strong>\u201cBendito seja Deus em cada dia.<br \/>\nVela por n\u00f3s o Senhor, nosso Salvador.\u201d<\/strong><\/li>\n<li>Ora\u00e7\u00e3o dos Fi\u00e9is: Pai nosso, que estais nos C\u00e9us, ouvi-nos<\/li>\n<li>Apresenta\u00e7\u00e3o dos Dons:\u00a0<a href=\"http:\/\/coro.paroquiabaixadabanheira.org\/reportorio\/diversos\/sao.jose.amparo.e.guia.pdf\">S\u00e3o Jos\u00e9, amparo e guia<\/a><\/li>\n<li>Santo:\u00a0<a href=\"http:\/\/coro.paroquiabaixadabanheira.org\/reportorio\/santo\/santo.a.l.webber.pdf\">Santo\u00a0(A. Webber)<\/a><\/li>\n<li>Pai-Nosso:\u00a0<a href=\"http:\/\/coro.paroquiabaixadabanheira.org\/reportorio\/painosso\/pai.nosso.melodia.oficial.gregoriano.pdf\">Pai Nosso (gregoriano)<\/a><\/li>\n<li>Cordeiro:\u00a0<a href=\"http:\/\/coro.paroquiabaixadabanheira.org\/reportorio\/cordeiro\/cordeiro.aragues.pdf\">Cordeiro (Aragues)<\/a><\/li>\n<li>Comunh\u00e3o:\u00a0<a href=\"http:\/\/coro.paroquiabaixadabanheira.org\/reportorio\/diversos\/o.famintos.do.pao.divino.pdf\">\u00d3 famintos do p\u00e3o divino<\/a><\/li>\n<li>Ac\u00e7\u00e3o de Gra\u00e7as:\u00a0<a href=\"http:\/\/coro.paroquiabaixadabanheira.org\/reportorio\/advento\/louvemos.o.glorioso.sao.jose.pdf\">Louvemos o glorioso S\u00e3o Jos\u00e9<\/a><\/li>\n<li>Final:\u00a0<a href=\"http:\/\/coro.paroquiabaixadabanheira.org\/reportorio\/final\/hino.sao.jose.2.pdf\">Hino de S. Jos\u00e9<\/a><\/li>\n<\/ul>\n","protected":false},"excerpt":{"rendered":"<p>Ser\u00e1 realizado um Arraial no dia 1 de maio, no largo da Igreja da Baixa da Banheira, para festejar o dia de S\u00e3o Jos\u00e9 Oper\u00e1rio \u2013 Padroeiro da nossa par\u00f3quia. Os grupos da Catequese e jovens e toda a pastoral &hellip;<\/p>\n<p class=\"read-more\"> <a class=\"more-link\" href=\"https:\/\/coro.paroquiabaixadabanheira.org\/?p=5008\"> <span class=\"screen-reader-text\">Mem\u00f3ria de S\u00e3o Jos\u00e9 Oper\u00e1rio<\/span> Read More &raquo;<\/a><\/p>\n","protected":false},"author":3,"featured_media":0,"comment_status":"open","ping_status":"open","sticky":false,"template":"","format":"standard","meta":{"footnotes":""},"categories":[1],"tags":[],"class_list":["post-5008","post","type-post","status-publish","format-standard","hentry","category-uncategorized"],"_links":{"self":[{"href":"https:\/\/coro.paroquiabaixadabanheira.org\/index.php?rest_route=\/wp\/v2\/posts\/5008","targetHints":{"allow":["GET"]}}],"collection":[{"href":"https:\/\/coro.paroquiabaixadabanheira.org\/index.php?rest_route=\/wp\/v2\/posts"}],"about":[{"href":"https:\/\/coro.paroquiabaixadabanheira.org\/index.php?rest_route=\/wp\/v2\/types\/post"}],"author":[{"embeddable":true,"href":"https:\/\/coro.paroquiabaixadabanheira.org\/index.php?rest_route=\/wp\/v2\/users\/3"}],"replies":[{"embeddable":true,"href":"https:\/\/coro.paroquiabaixadabanheira.org\/index.php?rest_route=%2Fwp%2Fv2%2Fcomments&post=5008"}],"version-history":[{"count":5,"href":"https:\/\/coro.paroquiabaixadabanheira.org\/index.php?rest_route=\/wp\/v2\/posts\/5008\/revisions"}],"predecessor-version":[{"id":5013,"href":"https:\/\/coro.paroquiabaixadabanheira.org\/index.php?rest_route=\/wp\/v2\/posts\/5008\/revisions\/5013"}],"wp:attachment":[{"href":"https:\/\/coro.paroquiabaixadabanheira.org\/index.php?rest_route=%2Fwp%2Fv2%2Fmedia&parent=5008"}],"wp:term":[{"taxonomy":"category","embeddable":true,"href":"https:\/\/coro.paroquiabaixadabanheira.org\/index.php?rest_route=%2Fwp%2Fv2%2Fcategories&post=5008"},{"taxonomy":"post_tag","embeddable":true,"href":"https:\/\/coro.paroquiabaixadabanheira.org\/index.php?rest_route=%2Fwp%2Fv2%2Ftags&post=5008"}],"curies":[{"name":"wp","href":"https:\/\/api.w.org\/{rel}","templated":true}]}}