{"id":5014,"date":"2026-04-29T23:19:58","date_gmt":"2026-04-29T23:19:58","guid":{"rendered":"https:\/\/coro.paroquiabaixadabanheira.org\/?p=5014"},"modified":"2026-04-29T23:19:58","modified_gmt":"2026-04-29T23:19:58","slug":"domingo-v-da-pascoa-15","status":"publish","type":"post","link":"https:\/\/coro.paroquiabaixadabanheira.org\/?p=5014","title":{"rendered":"Domingo V da P\u00e1scoa"},"content":{"rendered":"<p>&#8220;O m\u00eas de Maio \u00e9 tradicionalmente dedicado a Nossa Senhora e as comunidades crist\u00e3s re\u00fanem-se para levar a cabo as mais variadas pr\u00e1ticas de piedade popular marianas, sobretudo a recita\u00e7\u00e3o comunit\u00e1ria do ter\u00e7o e as prociss\u00f5es de velas. Na exorta\u00e7\u00e3o apost\u00f3lica <em>Evangelii Gaudium<\/em>, o Papa Francisco falava da \u00ab<em>for\u00e7a evangelizadora da piedade popular<\/em>\u00bb. Atrav\u00e9s das diversas iniciativas e actividades, \u00e9 importante ajudar os fi\u00e9is a redescobrir a beleza e a centralidade da f\u00e9, em Jesus Cristo, e a necessidade de uma vida consent\u00e2nea com a f\u00e9 professada e celebrada. Neste primeiro Domingo de Maio, assinala-se, tamb\u00e9m, o dia da m\u00e3e.&#8221;\u00a0 \u00a0 \u00a0<i>in\u00a0<\/i>Voz Portucalense<\/p>\n<p>&#8220;Jesus prepara-nos um lugar! E \u00e9 um lugar aconchegado de amor e reluzente de ternura, pois na casa do Pai existem muitas moradas. Cada um de n\u00f3s \u00e9 essa morada onde Deus habita com a sua presen\u00e7a. Por isso, todos os Domingos voltamos \u00e0 Igreja. Sim, porque para casa n\u00e3o se vai, volta-se, porque \u00e9 o lugar de onde sa\u00edmos. Para a Igreja n\u00e3o vamos, mas volta-se! Domingo ap\u00f3s Domingo. A casa, esta, a do Pai, salva-nos! A casa salva-nos das tenta\u00e7\u00f5es quotidianas e dos pesadelos noturnos. A casa salva-nos do des\u00e2nimo quotidiano e da incapacidade de sonharmos. A casa salva-nos, porque no regresso, depois de um dia longo, podemos encontrar as pessoas que nos amam. Aquele que mora na casa do Pai e que se deixa habitar por Ele como lugar est\u00e1 a salvo.&#8221;\u00a0 \u00a0<em>In Arquidiocese de Braga<\/em><\/p>\n<p><strong>C\u00e2nticos para o V Domingo da P\u00e1scoa<\/strong><strong>\u00a0\u2013 Ano A (<a href=\"https:\/\/www.liturgia.pt\/liturgiadiaria\/dia.php?data=2026-5-3\">liturgia)<\/a><\/strong><\/p>\n<ul>\n<li>Entrada: <a href=\"http:\/\/coro.paroquiabaixadabanheira.org\/reportorio\/pascoa\/cantai.ao.senhor.pdf\">Cantai ao Senhor\u2026Aleluia<\/a><\/li>\n<li>Acto Penitencial:\u00a0<a href=\"http:\/\/coro.paroquiabaixadabanheira.org\/reportorio\/penitencial\/kyrie.eleison.marco.frisina.pdf\">Kyrie Eleison (Marco Frisina)<\/a>\u00a0ou\u00a0<a href=\"http:\/\/coro.paroquiabaixadabanheira.org\/reportorio\/penitencial\/senhor.misericordia.missal.pdf\">Senhor miseric\u00f3rdia (melodia do missal)<\/a><\/li>\n<li>ou Resposta antes da aspers\u00e3o:\u00a0<a href=\"http:\/\/coro.paroquiabaixadabanheira.org\/reportorio\/aclamacao\/gloria.a.vos.senhor.aclamacao.do.preconio.pdf\">Gloria a v\u00f3s senhor<\/a><\/li>\n<li>ou Aspers\u00e3o:\u00a0<a href=\"http:\/\/coro.paroquiabaixadabanheira.org\/reportorio\/pascoa\/vi.a.fonte.de.agua.viva.azevedo.oliveira.pdf\">Vi a fonte de \u00e1gua viva<\/a><\/li>\n<li>Gl\u00f3ria:\u00a0<a href=\"http:\/\/coro.paroquiabaixadabanheira.org\/reportorio\/gloria\/gloria.2.vozes.pdf\">Gloria 2 Vozes<\/a><\/li>\n<li>Salmo: 32<em>\u00a0(33)\u00a0<a href=\"https:\/\/www.liturgia.pt\/multimedia\/mp3\/SalmosResponsoriais\/031_Pas05AVDom-Dai-nosVossaMiseric.mp3\">\u201dEsperamos, Senhor na vossa miseric\u00f3rdia: que ela venha sobre n\u00f3s.\u201d<\/a><\/em><\/li>\n<li>Aclama\u00e7\u00e3o ao Evangelho:\u00a0\u00a0<a href=\"http:\/\/coro.paroquiabaixadabanheira.org\/reportorio\/pascoa\/aleluia.pascal.pdf\">Aleluia Pascal<\/a>\u00a0<strong>\u201cEu sou o caminho, a verdade e a vida, diz o Senhor; ningu\u00e9m vai ao Pai sen\u00e3o por mim.\u201d<\/strong><\/li>\n<li>Ora\u00e7\u00e3o dos Fi\u00e9is:\u00a0<a href=\"http:\/\/coro.paroquiabaixadabanheira.org\/reportorio\/aclamacao\/oracao.universal.pdf\">Respostas\u00a0<\/a>\u2013 11<\/li>\n<li>Apresenta\u00e7\u00e3o dos Dons: <a href=\"http:\/\/coro.paroquiabaixadabanheira.org\/reportorio\/quaresma\/templo.de.deus.e.santo.pdf\">O Templo de Deus \u00e9 Santo<\/a><\/li>\n<li>Santo:\u00a0<a href=\"http:\/\/coro.paroquiabaixadabanheira.org\/reportorio\/santo\/santo.joao.andrade.nunes.pdf\">Santo J. A. Nunes<\/a><\/li>\n<li>Cordeiro:\u00a0<a href=\"http:\/\/coro.paroquiabaixadabanheira.org\/reportorio\/cordeiro\/cordeiro.de.deus.fernando.lapa.pdf\">Cordeiro de Deus F. Lapa<\/a>\u00a0ou\u00a0<a href=\"http:\/\/coro.paroquiabaixadabanheira.org\/reportorio\/cordeiro\/cordeiro.de.deus.mario.silva.pdf\">Cordeiro de Deus M. Silva<\/a><\/li>\n<li>Comunh\u00e3o: <a href=\"http:\/\/coro.paroquiabaixadabanheira.org\/reportorio\/pascoa\/eu.sou.o.caminho.pdf\">Eu sou o caminho<\/a><\/li>\n<li>Ac\u00e7\u00e3o de Gra\u00e7as: <a href=\"http:\/\/coro.paroquiabaixadabanheira.org\/reportorio\/maria\/mae.do.povo.pdf\">M\u00e3e do Povo<\/a><\/li>\n<li>Final: <a href=\"http:\/\/coro.paroquiabaixadabanheira.org\/reportorio\/entrada\/somos.igreja.de.cristo.pdf\">Somos a Igreja de Cristo<\/a> ou <a href=\"http:\/\/coro.paroquiabaixadabanheira.org\/reportorio\/pascoa\/alegraivos.mae.de.jesus.pdf\">Alegrai-vos, M\u00e3e de Jesus<\/a><\/li>\n<\/ul>\n<p>Trazer:<\/p>\n<ul>\n<li><a href=\"http:\/\/coro.paroquiabaixadabanheira.org\/reportorio\/quaresma\/venite.adoremos.pdf\">Venite Adoremus<\/a><\/li>\n<li><a href=\"http:\/\/coro.paroquiabaixadabanheira.org\/reportorio\/diversos\/nos.te.adoramos.silvio.vicente.pdf\">N\u00f3s te adoramos, Aleluia<\/a><\/li>\n<li><a href=\"http:\/\/coro.paroquiabaixadabanheira.org\/reportorio\/diversos\/pai.nosso.que.estais.no.ceu.pdf\">Pai nosso que estais no c\u00e9u<\/a><\/li>\n<\/ul>\n","protected":false},"excerpt":{"rendered":"<p>&#8220;O m\u00eas de Maio \u00e9 tradicionalmente dedicado a Nossa Senhora e as comunidades crist\u00e3s re\u00fanem-se para levar a cabo as mais variadas pr\u00e1ticas de piedade popular marianas, sobretudo a recita\u00e7\u00e3o comunit\u00e1ria do ter\u00e7o e as prociss\u00f5es de velas. Na exorta\u00e7\u00e3o &hellip;<\/p>\n<p class=\"read-more\"> <a class=\"more-link\" href=\"https:\/\/coro.paroquiabaixadabanheira.org\/?p=5014\"> <span class=\"screen-reader-text\">Domingo V da P\u00e1scoa<\/span> Read More &raquo;<\/a><\/p>\n","protected":false},"author":3,"featured_media":0,"comment_status":"open","ping_status":"open","sticky":false,"template":"","format":"standard","meta":{"footnotes":""},"categories":[1],"tags":[],"class_list":["post-5014","post","type-post","status-publish","format-standard","hentry","category-uncategorized"],"_links":{"self":[{"href":"https:\/\/coro.paroquiabaixadabanheira.org\/index.php?rest_route=\/wp\/v2\/posts\/5014","targetHints":{"allow":["GET"]}}],"collection":[{"href":"https:\/\/coro.paroquiabaixadabanheira.org\/index.php?rest_route=\/wp\/v2\/posts"}],"about":[{"href":"https:\/\/coro.paroquiabaixadabanheira.org\/index.php?rest_route=\/wp\/v2\/types\/post"}],"author":[{"embeddable":true,"href":"https:\/\/coro.paroquiabaixadabanheira.org\/index.php?rest_route=\/wp\/v2\/users\/3"}],"replies":[{"embeddable":true,"href":"https:\/\/coro.paroquiabaixadabanheira.org\/index.php?rest_route=%2Fwp%2Fv2%2Fcomments&post=5014"}],"version-history":[{"count":2,"href":"https:\/\/coro.paroquiabaixadabanheira.org\/index.php?rest_route=\/wp\/v2\/posts\/5014\/revisions"}],"predecessor-version":[{"id":5016,"href":"https:\/\/coro.paroquiabaixadabanheira.org\/index.php?rest_route=\/wp\/v2\/posts\/5014\/revisions\/5016"}],"wp:attachment":[{"href":"https:\/\/coro.paroquiabaixadabanheira.org\/index.php?rest_route=%2Fwp%2Fv2%2Fmedia&parent=5014"}],"wp:term":[{"taxonomy":"category","embeddable":true,"href":"https:\/\/coro.paroquiabaixadabanheira.org\/index.php?rest_route=%2Fwp%2Fv2%2Fcategories&post=5014"},{"taxonomy":"post_tag","embeddable":true,"href":"https:\/\/coro.paroquiabaixadabanheira.org\/index.php?rest_route=%2Fwp%2Fv2%2Ftags&post=5014"}],"curies":[{"name":"wp","href":"https:\/\/api.w.org\/{rel}","templated":true}]}}