{"id":677,"date":"2009-06-24T09:31:31","date_gmt":"2009-06-24T09:31:31","guid":{"rendered":"http:\/\/coro.paroquiabaixadabanheira.org\/?p=677"},"modified":"2009-06-24T09:31:31","modified_gmt":"2009-06-24T09:31:31","slug":"xiii-domingo-do-tempo-comum","status":"publish","type":"post","link":"https:\/\/coro.paroquiabaixadabanheira.org\/?p=677","title":{"rendered":"XIII Domingo do Tempo Comum"},"content":{"rendered":"<h4>C\u00e2nticos para o XIII Domingo do Tempo Comum (<a href=\"http:\/\/www.portal.ecclesia.pt\/ecclesiaout\/liturgia\/liturgia_site\/lit_dia\/ano_b\/ld_anob_ver.asp?cod_ano_b=44\">Liturgia<\/a>)<\/h4>\n<ul>\n<li><strong>Entrada<\/strong>: <a href=\"\/reportorio\/entrada\/ando.a.procura.pdf\">Ando \u00e0 Procura<\/a><\/li>\n<li><strong>M. Penitencial<\/strong>: <a href=\"\/reportorio\/penitencial\/misericordia.pdf\">Miseric\u00f3rdia<\/a><\/li>\n<li><strong>Salmo<\/strong>: <a href=\"\/reportorio\/salmos\/b.tempo.comum.13.salmo.029.030.pdf\">Salmo 29(30)<\/a><\/li>\n<li><strong>Aleluia<\/strong>: <a href=\"\/reportorio\/aclama\/aleluia.jesus.e.senhor.pdf\">Aleluia, Jesus \u00e9 Senhor<\/a><\/li>\n<li><strong>Ofert\u00f3rio<\/strong>:\u00a0<a href=\"\/reportorio\/diversos\/senhor.fazeime.instrumento.pdf\">Senhor, fazei-me instrumento da vossa paz<\/a><a href=\"\/reportorio\/ofertorio\/a.ti.meu.deus.pdf\"> <\/a><\/li>\n<li><strong>Santo<\/strong>: <a href=\"\/reportorio\/santo\/santo.leonel.claro.pdf\">Santo (Leonel Claro) <\/a><\/li>\n<li><strong>Paz\/Cordeiro<\/strong>: <a href=\"\/reportorio\/cordeiro\/proclama.o.teu.senhor.pdf\">Proclama o Teu Senhor<\/a><\/li>\n<li><strong>Comunh\u00e3o<\/strong>: <a href=\"\/reportorio\/comunhao\/pao.divino.pdf\">P\u00e3o Divino<\/a><\/li>\n<li><strong>Ac\u00e7\u00e3o de Gra\u00e7as<\/strong>: <a href=\"\/reportorio\/gracas\/deus.de.amor.pdf\">Deus de Amor<\/a><\/li>\n<li><strong>Final<\/strong>: <a href=\"\/reportorio\/final\/quero.ouvir.teu.apelo.senhor.pdf\">Quero Ouvir Te Apelo Senhor<br \/>\n<\/a><\/li>\n<\/ul>\n<p>Casamento da Sofia e do Paulo (Ensaiar):<\/p>\n<ul>\n<li><a href=\"\/reportorio\/penitencial\/tende.compaixao.pdf\">Tende Compaix\u00e3o<\/a><\/li>\n<li><a href=\"\/reportorio\/casamento\/forte.e.o.amor.pdf\">Forte \u00e9 o Amor<\/a><\/li>\n<li><a href=\"\/reportorio\/diversos\/doce.e.sentir.pdf\">Doce \u00e9 Sentir<\/a><\/li>\n<li><a href=\"\/reportorio\/diversos\/senhor.fazeime.instrumento.pdf\">Senhor, fazei-me instrumento da vossa paz<\/a><\/li>\n<li><a href=\"\/reportorio\/santo\/santo.leonel.claro.pdf\">Santo (L. Claro)<\/a><\/li>\n<li><a href=\"\/reportorio\/painosso\/pai.nosso.em.ti.cremos.pdf\">Pai Nosso em Ti Cremos<\/a><\/li>\n<li><a href=\"\/reportorio\/paz\/oh.como.e.bom.pdf\">Oh, Como \u00e9 bom e agrad\u00e1vel<\/a><\/li>\n<li><a href=\"\/reportorio\/diversos\/se.eu.nao.tiver.amor.pdf\">Se eu n\u00e3o tiver Amor<\/a><\/li>\n<li><a href=\"\/reportorio\/diversos\/viver.e.construir.pdf\">Viver e Construir<\/a><\/li>\n<\/ul>\n","protected":false},"excerpt":{"rendered":"<p>C\u00e2nticos para o XIII Domingo do Tempo Comum (Liturgia) Entrada: Ando \u00e0 Procura M. Penitencial: Miseric\u00f3rdia Salmo: Salmo 29(30) Aleluia: Aleluia, Jesus \u00e9 Senhor Ofert\u00f3rio:\u00a0Senhor, fazei-me instrumento da vossa paz Santo: Santo (Leonel Claro) Paz\/Cordeiro: Proclama o Teu Senhor Comunh\u00e3o: &hellip;<\/p>\n<p class=\"read-more\"> <a class=\"more-link\" href=\"https:\/\/coro.paroquiabaixadabanheira.org\/?p=677\"> <span class=\"screen-reader-text\">XIII Domingo do Tempo Comum<\/span> Read More &raquo;<\/a><\/p>\n","protected":false},"author":1,"featured_media":0,"comment_status":"open","ping_status":"open","sticky":false,"template":"","format":"standard","meta":{"footnotes":""},"categories":[3],"tags":[],"class_list":["post-677","post","type-post","status-publish","format-standard","hentry","category-ensaios"],"_links":{"self":[{"href":"https:\/\/coro.paroquiabaixadabanheira.org\/index.php?rest_route=\/wp\/v2\/posts\/677","targetHints":{"allow":["GET"]}}],"collection":[{"href":"https:\/\/coro.paroquiabaixadabanheira.org\/index.php?rest_route=\/wp\/v2\/posts"}],"about":[{"href":"https:\/\/coro.paroquiabaixadabanheira.org\/index.php?rest_route=\/wp\/v2\/types\/post"}],"author":[{"embeddable":true,"href":"https:\/\/coro.paroquiabaixadabanheira.org\/index.php?rest_route=\/wp\/v2\/users\/1"}],"replies":[{"embeddable":true,"href":"https:\/\/coro.paroquiabaixadabanheira.org\/index.php?rest_route=%2Fwp%2Fv2%2Fcomments&post=677"}],"version-history":[{"count":0,"href":"https:\/\/coro.paroquiabaixadabanheira.org\/index.php?rest_route=\/wp\/v2\/posts\/677\/revisions"}],"wp:attachment":[{"href":"https:\/\/coro.paroquiabaixadabanheira.org\/index.php?rest_route=%2Fwp%2Fv2%2Fmedia&parent=677"}],"wp:term":[{"taxonomy":"category","embeddable":true,"href":"https:\/\/coro.paroquiabaixadabanheira.org\/index.php?rest_route=%2Fwp%2Fv2%2Fcategories&post=677"},{"taxonomy":"post_tag","embeddable":true,"href":"https:\/\/coro.paroquiabaixadabanheira.org\/index.php?rest_route=%2Fwp%2Fv2%2Ftags&post=677"}],"curies":[{"name":"wp","href":"https:\/\/api.w.org\/{rel}","templated":true}]}}