{"id":685,"date":"2009-07-16T05:41:21","date_gmt":"2009-07-16T05:41:21","guid":{"rendered":"http:\/\/coro.paroquiabaixadabanheira.org\/?p=685"},"modified":"2009-07-16T05:41:21","modified_gmt":"2009-07-16T05:41:21","slug":"xvi-domingo-do-tempo-comum","status":"publish","type":"post","link":"https:\/\/coro.paroquiabaixadabanheira.org\/?p=685","title":{"rendered":"XVI Domingo do Tempo Comum"},"content":{"rendered":"<h4>C\u00e2nticos para o XVI Domingo do Tempo Comum (<a href=\"http:\/\/www.portal.ecclesia.pt\/ecclesiaout\/liturgia\/liturgia_site\/lit_dia\/ano_b\/ld_anob_ver.asp?cod_ano_b=47\">Liturgia<\/a>)<\/h4>\n<ul>\n<li><strong>Entrada<\/strong>: <a href=\"\/reportorio\/entrada\/senhor.jesus.nos.vamos.a.ti.pdf\">Senhor Jesus, N\u00f3s Vamos\u00a0 a Ti<\/a><\/li>\n<li><strong>M. Penitencial<\/strong>: <a href=\"\/reportorio\/penitencial\/misericordia.pdf\">Miseric\u00f3rdia<\/a><\/li>\n<li><strong>Salmo<\/strong>: <a href=\"\/reportorio\/salmos\/b.tempo.comum.16.salmo.022.023.pdf\">Salmo 22(23)<\/a><\/li>\n<li><strong>Aleluia<\/strong>: <a href=\"\/reportorio\/aclama\/aleluia.jesus.e.senhor.pdf\">Aleluia, Jesus \u00e9 Senhor<\/a><\/li>\n<li><strong>Ofert\u00f3rio<\/strong>: <a href=\"\/reportorio\/ofertorio\/ofertas.singelas.pdf\">Ofertas Singelas<\/a><a href=\"\/reportorio\/ofertorio\/a.ti.meu.deus.pdf\"> <\/a><\/li>\n<li><strong>Santo<\/strong>: <a href=\"\/reportorio\/santo\/santo.desc.pdf\">Santo <\/a><\/li>\n<li><strong>Paz\/Cordeiro<\/strong>: <a href=\"\/reportorio\/cordeiro\/cordeiro.pdf\">Cordeiro de Deus<\/a><\/li>\n<li><strong>Comunh\u00e3o<\/strong>: <a href=\"http:\/\/coro.paroquiabaixadabanheira.org\/reportorio\/comunhao\/e.o.meu.corpo.pdf\">\u00c9 o Meu Corpo<\/a><\/li>\n<li><strong>Final<\/strong>: <a href=\"\/reportorio\/diversos\/o.senhor.e.meu.pastor.pdf\">O Senhor \u00e9 Meu Pastor<br \/>\n<\/a><\/li>\n<\/ul>\n","protected":false},"excerpt":{"rendered":"<p>C\u00e2nticos para o XVI Domingo do Tempo Comum (Liturgia) Entrada: Senhor Jesus, N\u00f3s Vamos\u00a0 a Ti M. Penitencial: Miseric\u00f3rdia Salmo: Salmo 22(23) Aleluia: Aleluia, Jesus \u00e9 Senhor Ofert\u00f3rio: Ofertas Singelas Santo: Santo Paz\/Cordeiro: Cordeiro de Deus Comunh\u00e3o: \u00c9 o Meu &hellip;<\/p>\n<p class=\"read-more\"> <a class=\"more-link\" href=\"https:\/\/coro.paroquiabaixadabanheira.org\/?p=685\"> <span class=\"screen-reader-text\">XVI Domingo do Tempo Comum<\/span> Read More &raquo;<\/a><\/p>\n","protected":false},"author":1,"featured_media":0,"comment_status":"open","ping_status":"open","sticky":false,"template":"","format":"standard","meta":{"footnotes":""},"categories":[3],"tags":[],"class_list":["post-685","post","type-post","status-publish","format-standard","hentry","category-ensaios"],"_links":{"self":[{"href":"https:\/\/coro.paroquiabaixadabanheira.org\/index.php?rest_route=\/wp\/v2\/posts\/685","targetHints":{"allow":["GET"]}}],"collection":[{"href":"https:\/\/coro.paroquiabaixadabanheira.org\/index.php?rest_route=\/wp\/v2\/posts"}],"about":[{"href":"https:\/\/coro.paroquiabaixadabanheira.org\/index.php?rest_route=\/wp\/v2\/types\/post"}],"author":[{"embeddable":true,"href":"https:\/\/coro.paroquiabaixadabanheira.org\/index.php?rest_route=\/wp\/v2\/users\/1"}],"replies":[{"embeddable":true,"href":"https:\/\/coro.paroquiabaixadabanheira.org\/index.php?rest_route=%2Fwp%2Fv2%2Fcomments&post=685"}],"version-history":[{"count":0,"href":"https:\/\/coro.paroquiabaixadabanheira.org\/index.php?rest_route=\/wp\/v2\/posts\/685\/revisions"}],"wp:attachment":[{"href":"https:\/\/coro.paroquiabaixadabanheira.org\/index.php?rest_route=%2Fwp%2Fv2%2Fmedia&parent=685"}],"wp:term":[{"taxonomy":"category","embeddable":true,"href":"https:\/\/coro.paroquiabaixadabanheira.org\/index.php?rest_route=%2Fwp%2Fv2%2Fcategories&post=685"},{"taxonomy":"post_tag","embeddable":true,"href":"https:\/\/coro.paroquiabaixadabanheira.org\/index.php?rest_route=%2Fwp%2Fv2%2Ftags&post=685"}],"curies":[{"name":"wp","href":"https:\/\/api.w.org\/{rel}","templated":true}]}}