{"id":739,"date":"2009-11-09T09:30:29","date_gmt":"2009-11-09T09:30:29","guid":{"rendered":"http:\/\/coro.paroquiabaixadabanheira.org\/?p=739"},"modified":"2009-11-09T09:30:29","modified_gmt":"2009-11-09T09:30:29","slug":"domingo-xxxiii-do-tempo-comum","status":"publish","type":"post","link":"https:\/\/coro.paroquiabaixadabanheira.org\/?p=739","title":{"rendered":"Domingo XXXIII do Tempo Comum"},"content":{"rendered":"<h4 style=\"font-size: 1em;\">C\u00e2nticos para o XXXIII Domingo do Tempo Comum (<a href=\"http:\/\/www.portal.ecclesia.pt\/ecclesiaout\/liturgia\/liturgia_site\/lit_dia\/ano_b\/ld_anob_ver.asp?cod_ano_b=64\">Liturgia<\/a>)<\/h4>\n<ul>\n<li><strong style=\"font-weight: bold;\">Entrada<\/strong>: <a href=\"\/reportorio\/entrada\/senhor.jesus.nos.vamos.a.ti.pdf\">Senhor Jeus n\u00f3s Vamos a Ti<\/a><\/li>\n<li><strong style=\"font-weight: bold;\">M. Penitencial<\/strong>: <a href=\"\/reportorio\/penitencial\/perdoa.senhor.pdf\">Perdoa Senhor<\/a><\/li>\n<li><strong style=\"font-weight: bold;\">Salmo<\/strong>:\u00a0<a href=\"http:\/\/coro.paroquiabaixadabanheira.org\/reportorio\/salmos\/b.tempo.comum.33.salmo.015.016.pdf\">Salmo 15(16)<\/a><\/li>\n<li><strong style=\"font-weight: bold;\">Aleluia<\/strong>:\u00a0<a href=\"\/reportorio\/aclama\/aleluia.jesus.e.senhor.pdf\">Aleluia, Jesus \u00e9 Senhor<\/a><\/li>\n<li><strong style=\"font-weight: bold;\">Ofert\u00f3rio<\/strong>: <a href=\"http:\/\/coro.paroquiabaixadabanheira.org\/reportorio\/ofertorio\/saber.que.viras.pdf\">Saber que Vir\u00e1s<\/a><\/li>\n<li><strong style=\"font-weight: bold;\">Santo<\/strong>:\u00a0<a href=\"\/reportorio\/santo\/santo.jose.augusto.pdf\">Santo (Jos\u00e9 Augusto)<\/a><\/li>\n<li><strong style=\"font-weight: bold;\">Paz\/Cordeiro<\/strong>:\u00a0<a href=\"\/reportorio\/cordeiro\/cordeiro.aragues.pdf\">Cordeiro (Aragues)<\/a><\/li>\n<li><strong style=\"font-weight: bold;\">Comunh\u00e3o<\/strong>:\u00a0<a href=\"http:\/\/coro.paroquiabaixadabanheira.org\/reportorio\/comunhao\/pao.divino.pdf\">P\u00e3o Divino<\/a><\/li>\n<li><strong style=\"font-weight: bold;\">Final<\/strong>: <a href=\"http:\/\/coro.paroquiabaixadabanheira.org\/reportorio\/final\/eu.sinto.senhor.pdf\">Eu Sinto Senhor<\/a><\/li>\n<\/ul>\n<p>Para ensaiar:<\/p>\n<ul>\n<li><a href=\"\/reportorio\/advento\/vem.senhor.jesus.pdf\">Vem Senhor Jesus<\/a><\/li>\n<li><a href=\"\/reportorio\/diversos\/bendito.sejais.senhor.pdf\">Bendito Sejais Senhor<\/a><\/li>\n<li><a href=\"http:\/\/coro.paroquiabaixadabanheira.org\/reportorio\/diversos\/e.tempo.de.ser.esperanca.pdf\">\u00c9 tempo de ser Esperan\u00e7a<\/a><\/li>\n<li><a href=\"http:\/\/coro.paroquiabaixadabanheira.org\/reportorio\/diversos\/estou.pensando.em.deus.pdf\">Estou Pensando em Deus<\/a><\/li>\n<\/ul>\n","protected":false},"excerpt":{"rendered":"<p>C\u00e2nticos para o XXXIII Domingo do Tempo Comum (Liturgia) Entrada: Senhor Jeus n\u00f3s Vamos a Ti M. Penitencial: Perdoa Senhor Salmo:\u00a0Salmo 15(16) Aleluia:\u00a0Aleluia, Jesus \u00e9 Senhor Ofert\u00f3rio: Saber que Vir\u00e1s Santo:\u00a0Santo (Jos\u00e9 Augusto) Paz\/Cordeiro:\u00a0Cordeiro (Aragues) Comunh\u00e3o:\u00a0P\u00e3o Divino Final: Eu Sinto &hellip;<\/p>\n<p class=\"read-more\"> <a class=\"more-link\" href=\"https:\/\/coro.paroquiabaixadabanheira.org\/?p=739\"> <span class=\"screen-reader-text\">Domingo XXXIII do Tempo Comum<\/span> Read More &raquo;<\/a><\/p>\n","protected":false},"author":1,"featured_media":0,"comment_status":"open","ping_status":"open","sticky":false,"template":"","format":"standard","meta":{"footnotes":""},"categories":[3],"tags":[],"class_list":["post-739","post","type-post","status-publish","format-standard","hentry","category-ensaios"],"_links":{"self":[{"href":"https:\/\/coro.paroquiabaixadabanheira.org\/index.php?rest_route=\/wp\/v2\/posts\/739","targetHints":{"allow":["GET"]}}],"collection":[{"href":"https:\/\/coro.paroquiabaixadabanheira.org\/index.php?rest_route=\/wp\/v2\/posts"}],"about":[{"href":"https:\/\/coro.paroquiabaixadabanheira.org\/index.php?rest_route=\/wp\/v2\/types\/post"}],"author":[{"embeddable":true,"href":"https:\/\/coro.paroquiabaixadabanheira.org\/index.php?rest_route=\/wp\/v2\/users\/1"}],"replies":[{"embeddable":true,"href":"https:\/\/coro.paroquiabaixadabanheira.org\/index.php?rest_route=%2Fwp%2Fv2%2Fcomments&post=739"}],"version-history":[{"count":0,"href":"https:\/\/coro.paroquiabaixadabanheira.org\/index.php?rest_route=\/wp\/v2\/posts\/739\/revisions"}],"wp:attachment":[{"href":"https:\/\/coro.paroquiabaixadabanheira.org\/index.php?rest_route=%2Fwp%2Fv2%2Fmedia&parent=739"}],"wp:term":[{"taxonomy":"category","embeddable":true,"href":"https:\/\/coro.paroquiabaixadabanheira.org\/index.php?rest_route=%2Fwp%2Fv2%2Fcategories&post=739"},{"taxonomy":"post_tag","embeddable":true,"href":"https:\/\/coro.paroquiabaixadabanheira.org\/index.php?rest_route=%2Fwp%2Fv2%2Ftags&post=739"}],"curies":[{"name":"wp","href":"https:\/\/api.w.org\/{rel}","templated":true}]}}