{"id":819,"date":"2010-03-21T22:22:04","date_gmt":"2010-03-21T22:22:04","guid":{"rendered":"http:\/\/coro.paroquiabaixadabanheira.org\/?p=819"},"modified":"2010-03-21T22:22:04","modified_gmt":"2010-03-21T22:22:04","slug":"canticos-para-o-domingo-de-ramos","status":"publish","type":"post","link":"https:\/\/coro.paroquiabaixadabanheira.org\/?p=819","title":{"rendered":"C\u00e2nticos para o Domingo de Ramos"},"content":{"rendered":"<h4>C\u00e2nticos para o Domingo De Ramos na Paix\u00e3o do Senhor (<a href=\"http:\/\/www.portal.ecclesia.pt\/ecclesiaout\/liturgia\/liturgia_site\/lit_dia\/ano_c\/ld_anoc_ver.asp?cod_ano_c=22\">Liturgia<\/a>)<\/h4>\n<ul>\n<li>Entrada: <a href=\"\/reportorio\/quaresma\/bendito.o.que.vem.pdf\">Bendito o que Vem<\/a><\/li>\n<li>Entrada:\u00a0<a href=\"\/reportorio\/diversos\/hossana.pdf\">Hossana nas Alturas<\/a><\/li>\n<li>M. Penitencial:\u00a0<a href=\"http:\/\/coro.paroquiabaixadabanheira.org\/reportorio\/penitencial\/senhor.tende.piedade.2.pdf\">Senhor, Tende Piedade de N\u00f3s (Aragues)<\/a><\/li>\n<li>Salmo:\u00a0<a href=\"\/reportorio\/salmos\/quaresma.ramos.salmo.021.022.pdf\">Salmo 21(22)<\/a><\/li>\n<li>Aleluia:\u00a0<a href=\"\/reportorio\/aclama\/louvor.e.gloria.a.vos.pdf\">Louvor e Gl\u00f3ria a V\u00f3s<\/a><\/li>\n<li>Ofert\u00f3rio:\u00a0<a href=\"\/reportorio\/ofertorio\/meu.senhor.te.ofertamos.pdf\">Meu Senhor Te Ofertamos<\/a><\/li>\n<li>Santo:<a href=\"\/reportorio\/santo\/santo.f.silva.pdf\">Santo (F. Silva)<\/a><\/li>\n<li>Pai Nosso:<a href=\"\/reportorio\/painosso\/pai.nosso.2.vozes.pdf\">Pai Nosso (2 vozes)<\/a><\/li>\n<li>Cordeiro:\u00a0<a href=\"http:\/\/coro.paroquiabaixadabanheira.org\/reportorio\/cordeiro\/cordeiro.olindo.marques.pdf\">Cordeiro (Olindo Marques)<\/a><\/li>\n<li>Comunh\u00e3o:\u00a0<a href=\"http:\/\/coro.paroquiabaixadabanheira.org\/reportorio\/comunhao\/comei.do.pao.pdf\">Comei do P\u00e3o<\/a><\/li>\n<li>Final:\u00a0<a href=\"http:\/\/coro.paroquiabaixadabanheira.org\/reportorio\/quaresma\/caminha.povo.de.deus.pdf\">Caminha Povo de Deus<\/a><\/li>\n<\/ul>\n<p><strong>Para ensaiar:<\/strong><\/p>\n<ul>\n<li><a href=\"http:\/\/cancioneiro.paroquia-sppv.pt\/03\/03.05_Oracao_de_Santo_Inacio.pdf\">Tomai Senhor<\/a><\/li>\n<\/ul>\n","protected":false},"excerpt":{"rendered":"<p>C\u00e2nticos para o Domingo De Ramos na Paix\u00e3o do Senhor (Liturgia) Entrada: Bendito o que Vem Entrada:\u00a0Hossana nas Alturas M. Penitencial:\u00a0Senhor, Tende Piedade de N\u00f3s (Aragues) Salmo:\u00a0Salmo 21(22) Aleluia:\u00a0Louvor e Gl\u00f3ria a V\u00f3s Ofert\u00f3rio:\u00a0Meu Senhor Te Ofertamos Santo:Santo (F. Silva) &hellip;<\/p>\n<p class=\"read-more\"> <a class=\"more-link\" href=\"https:\/\/coro.paroquiabaixadabanheira.org\/?p=819\"> <span class=\"screen-reader-text\">C\u00e2nticos para o Domingo de Ramos<\/span> Read More &raquo;<\/a><\/p>\n","protected":false},"author":1,"featured_media":0,"comment_status":"open","ping_status":"open","sticky":false,"template":"","format":"standard","meta":{"footnotes":""},"categories":[3],"tags":[],"class_list":["post-819","post","type-post","status-publish","format-standard","hentry","category-ensaios"],"_links":{"self":[{"href":"https:\/\/coro.paroquiabaixadabanheira.org\/index.php?rest_route=\/wp\/v2\/posts\/819","targetHints":{"allow":["GET"]}}],"collection":[{"href":"https:\/\/coro.paroquiabaixadabanheira.org\/index.php?rest_route=\/wp\/v2\/posts"}],"about":[{"href":"https:\/\/coro.paroquiabaixadabanheira.org\/index.php?rest_route=\/wp\/v2\/types\/post"}],"author":[{"embeddable":true,"href":"https:\/\/coro.paroquiabaixadabanheira.org\/index.php?rest_route=\/wp\/v2\/users\/1"}],"replies":[{"embeddable":true,"href":"https:\/\/coro.paroquiabaixadabanheira.org\/index.php?rest_route=%2Fwp%2Fv2%2Fcomments&post=819"}],"version-history":[{"count":0,"href":"https:\/\/coro.paroquiabaixadabanheira.org\/index.php?rest_route=\/wp\/v2\/posts\/819\/revisions"}],"wp:attachment":[{"href":"https:\/\/coro.paroquiabaixadabanheira.org\/index.php?rest_route=%2Fwp%2Fv2%2Fmedia&parent=819"}],"wp:term":[{"taxonomy":"category","embeddable":true,"href":"https:\/\/coro.paroquiabaixadabanheira.org\/index.php?rest_route=%2Fwp%2Fv2%2Fcategories&post=819"},{"taxonomy":"post_tag","embeddable":true,"href":"https:\/\/coro.paroquiabaixadabanheira.org\/index.php?rest_route=%2Fwp%2Fv2%2Ftags&post=819"}],"curies":[{"name":"wp","href":"https:\/\/api.w.org\/{rel}","templated":true}]}}