{"id":824,"date":"2010-03-28T09:31:53","date_gmt":"2010-03-28T09:31:53","guid":{"rendered":"http:\/\/coro.paroquiabaixadabanheira.org\/?p=824"},"modified":"2010-03-28T09:31:53","modified_gmt":"2010-03-28T09:31:53","slug":"canticos-para-a-semana-santa-3","status":"publish","type":"post","link":"https:\/\/coro.paroquiabaixadabanheira.org\/?p=824","title":{"rendered":"C\u00e2nticos para a Semana Santa"},"content":{"rendered":"<div>\n<h4>C\u00e2nticos para Quinta-feira Santa<\/h4>\n<ul>\n<li>Entrada:\u00a0<a href=\"\/reportorio\/diversos\/se.o.grao.de.trigo.pdf\">Se o Gr\u00e3o de Trigo<\/a><\/li>\n<li>Momento Penitencial:\u00a0<a href=\"\/reportorio\/penitencial\/perdoa.senhor.pdf\">Perdoa Senhor<\/a><\/li>\n<li>Gl\u00f3ria:\u00a0<a href=\"\/reportorio\/gloria\/gloria.a.deus.pdf\">Gl\u00f3ria a Deus<\/a><\/li>\n<li>Salmo:\u00a0<a href=\"\/reportorio\/salmos\/quaresma.quinta.salmo.115.116.pdf\">Salmo 115,116<\/a><\/li>\n<li>Aclama\u00e7\u00e3o:\u00a0<a href=\"http:\/\/coro.paroquiabaixadabanheira.org\/reportorio\/aclama\/louvor.e.gloria.a.vos.pdf\">Louvor e Gl\u00f3ria a V\u00f3s<\/a><\/li>\n<li>Lava-P\u00e9s:\u00a0<a href=\"\/reportorio\/diversos\/ninguem.te.ama.como.eu.pdf\">Ningu\u00e9m te Ama<\/a><\/li>\n<li>Ofert\u00f3rio:\u00a0<a href=\"\/reportorio\/ofertorio\/ubi.caritas.pdf\">Ubi Caritas<\/a><\/li>\n<li>Santo:\u00a0<a href=\"\/reportorio\/santo\/santo.f.silva.pdf\">Santo<\/a><\/li>\n<li>Paz\/Cordeiro:\u00a0<a href=\"http:\/\/coro.paroquiabaixadabanheira.org\/reportorio\/cordeiro\/cordeiro.olindo.marques.pdf\">Cordeiro<\/a><\/li>\n<li>Comunh\u00e3o:\u00a0<a href=\"\/reportorio\/diversos\/douvos.um.mandamento.novo.cf.pdf\">Dou-vos um Mandamento Novo<\/a><\/li>\n<li>Comonh\u00e3o: <a href=\"http:\/\/cancioneiro.paroquia-sppv.pt\/04\/04.15_Eu_desejei_ardentemente.pdf\">Eu Desejei Ardentemente<\/a><\/li>\n<li>Prociss\u00e3o do Sant\u00edssimo:\u00a0<a href=\"\/reportorio\/quaresma\/pange.lingua.pdf\">Pange Lingua<\/a><\/li>\n<\/ul>\n<h4>C\u00e2nticos para Sexta-feira Santa<\/h4>\n<ul>\n<li>Entrada: (Em sil\u00eancio)<\/li>\n<li>Salmo:\u00a0<a href=\"\/reportorio\/salmos\/quaresma.sexta.salmo.030.031.pdf\">Salmo 30,31<\/a><\/li>\n<li>Aclama\u00e7\u00e3o:\u00a0<a href=\"\/reportorio\/aclama\/louvor.e.gloria.a.vos.b.pdf\">Louvor e Gl\u00f3ria a V\u00f3s<\/a><\/li>\n<li>Adora\u00e7\u00e3o da Cruz:\u00a0<a href=\"\/reportorio\/quaresma\/eis.o.madeiro.da.cruz.pdf\">Eis o Madeiro da Cruz<\/a><\/li>\n<li>Adora\u00e7\u00e3o da Cruz:\u00a0<a href=\"\/reportorio\/diversos\/senhor.aqui.nos.tendes.pdf\">Senhor, Aqui nos Tendes<\/a><\/li>\n<li>Adora\u00e7\u00e3o da Cruz:\u00a0<a href=\"\/reportorio\/quaresma\/povo.meu.que.te.fiz.eu.pdf\">Povo Meu, Que Te Fiz Eu<\/a><\/li>\n<li>Adora\u00e7\u00e3o da Cruz:\u00a0<a href=\"\/reportorio\/quaresma\/por.nosso.amor.pdf\">Por Nosso Amor<\/a><\/li>\n<li>Comunh\u00e3o:\u00a0<a href=\"http:\/\/coro.paroquiabaixadabanheira.org\/reportorio\/comunhao\/comei.do.pao.pdf\">Comei do P\u00e3o<\/a><\/li>\n<\/ul>\n<\/div>\n","protected":false},"excerpt":{"rendered":"<p>C\u00e2nticos para Quinta-feira Santa Entrada:\u00a0Se o Gr\u00e3o de Trigo Momento Penitencial:\u00a0Perdoa Senhor Gl\u00f3ria:\u00a0Gl\u00f3ria a Deus Salmo:\u00a0Salmo 115,116 Aclama\u00e7\u00e3o:\u00a0Louvor e Gl\u00f3ria a V\u00f3s Lava-P\u00e9s:\u00a0Ningu\u00e9m te Ama Ofert\u00f3rio:\u00a0Ubi Caritas Santo:\u00a0Santo Paz\/Cordeiro:\u00a0Cordeiro Comunh\u00e3o:\u00a0Dou-vos um Mandamento Novo Comonh\u00e3o: Eu Desejei Ardentemente Prociss\u00e3o do Sant\u00edssimo:\u00a0Pange &hellip;<\/p>\n<p class=\"read-more\"> <a class=\"more-link\" href=\"https:\/\/coro.paroquiabaixadabanheira.org\/?p=824\"> <span class=\"screen-reader-text\">C\u00e2nticos para a Semana Santa<\/span> Read More &raquo;<\/a><\/p>\n","protected":false},"author":1,"featured_media":0,"comment_status":"open","ping_status":"open","sticky":false,"template":"","format":"standard","meta":{"footnotes":""},"categories":[3],"tags":[],"class_list":["post-824","post","type-post","status-publish","format-standard","hentry","category-ensaios"],"_links":{"self":[{"href":"https:\/\/coro.paroquiabaixadabanheira.org\/index.php?rest_route=\/wp\/v2\/posts\/824","targetHints":{"allow":["GET"]}}],"collection":[{"href":"https:\/\/coro.paroquiabaixadabanheira.org\/index.php?rest_route=\/wp\/v2\/posts"}],"about":[{"href":"https:\/\/coro.paroquiabaixadabanheira.org\/index.php?rest_route=\/wp\/v2\/types\/post"}],"author":[{"embeddable":true,"href":"https:\/\/coro.paroquiabaixadabanheira.org\/index.php?rest_route=\/wp\/v2\/users\/1"}],"replies":[{"embeddable":true,"href":"https:\/\/coro.paroquiabaixadabanheira.org\/index.php?rest_route=%2Fwp%2Fv2%2Fcomments&post=824"}],"version-history":[{"count":0,"href":"https:\/\/coro.paroquiabaixadabanheira.org\/index.php?rest_route=\/wp\/v2\/posts\/824\/revisions"}],"wp:attachment":[{"href":"https:\/\/coro.paroquiabaixadabanheira.org\/index.php?rest_route=%2Fwp%2Fv2%2Fmedia&parent=824"}],"wp:term":[{"taxonomy":"category","embeddable":true,"href":"https:\/\/coro.paroquiabaixadabanheira.org\/index.php?rest_route=%2Fwp%2Fv2%2Fcategories&post=824"},{"taxonomy":"post_tag","embeddable":true,"href":"https:\/\/coro.paroquiabaixadabanheira.org\/index.php?rest_route=%2Fwp%2Fv2%2Ftags&post=824"}],"curies":[{"name":"wp","href":"https:\/\/api.w.org\/{rel}","templated":true}]}}