{"id":835,"date":"2010-04-05T08:22:46","date_gmt":"2010-04-05T08:22:46","guid":{"rendered":"http:\/\/coro.paroquiabaixadabanheira.org\/?p=835"},"modified":"2010-04-05T08:22:46","modified_gmt":"2010-04-05T08:22:46","slug":"domingo-ii-da-pascoa","status":"publish","type":"post","link":"https:\/\/coro.paroquiabaixadabanheira.org\/?p=835","title":{"rendered":"Domingo II da P\u00e1scoa"},"content":{"rendered":"<div>\n<h4>AVISO!!<\/h4>\n<p><strong>Esta semana n\u00e3o h\u00e1 ensaio.<\/strong> N\u00e3o haver\u00e1 ensaio hoje \u00e0 noite, dado que as m\u00fasicas j\u00e1 est\u00e3o ensaiadas e estamos todos cansados de uma semana intensa de ensaios e celebra\u00e7\u00f5es.<\/p>\n<h4>C\u00e2nticos para o Domingo de P\u00e1scoa<\/h4>\n<ul>\n<li>Entrada:\u00a0<a href=\"\/reportorio\/pascoa\/ressuscitou.aleluia.pdf\">Resssuscitou, Aleluia<\/a><\/li>\n<li>M. Penitencial: <a href=\"http:\/\/coro.paroquiabaixadabanheira.org\/reportorio\/diversos\/senhor.jesus.pdf\">Senhor Jesus<\/a><\/li>\n<li>Gl\u00f3ria:\u00a0<a href=\"\/reportorio\/gloria\/gloria.a.deus.pdf\">Gl\u00f3ria<\/a><\/li>\n<li>Salmo:\u00a0<a href=\"\/reportorio\/salmos\/pascoa.02.salmo.117.118.pdf\">Salmo 117(118)<\/a><\/li>\n<li>Aleluia:\u00a0<a href=\"\/reportorio\/pascoa\/aleluia.pascal.pdf\">Aleluia Pascal<\/a><\/li>\n<li>Ofert\u00f3rio: <a href=\"http:\/\/coro.paroquiabaixadabanheira.org\/reportorio\/pascoa\/eu.vi.meu.deus.e.senhor.pdf\">Eu Vi Meu Deus e Senhor<\/a><\/li>\n<li>Santo: <a href=\"\/reportorio\/santo\/santo.santo.e.o.senhor.pdf\">Santo, Santo \u00e9 o Senhor<\/a><\/li>\n<li>Pai-Nosso: <a title=\"Andr\u00e9\" href=\"\/reportorio\/painosso\/pai.nosso.2.vozes.pdf\">Pai Nosso<\/a><\/li>\n<li>Paz\/Cordeiro: <a href=\"http:\/\/coro.paroquiabaixadabanheira.org\/reportorio\/cordeiro\/cordeiro.pdf\">Cordeiro<\/a><\/li>\n<li>Comunh\u00e3o: <a href=\"\/reportorio\/pascoa\/jesus.cristo.venceu.a.morte.pdf\">Jesus Cristo Venceu a Morte<\/a><\/li>\n<li>Ac\u00e7\u00e3o de Gra\u00e7as:\u00a0<a href=\"\/reportorio\/diversos\/bendizei.o.senhor.pdf\">Bendizei o Senhor<\/a><\/li>\n<li>Final: <a href=\"\/reportorio\/pascoa\/ressuscitou.pdf\">Resssuscitou<\/a><\/li>\n<\/ul>\n<\/div>\n","protected":false},"excerpt":{"rendered":"<p>AVISO!! Esta semana n\u00e3o h\u00e1 ensaio. N\u00e3o haver\u00e1 ensaio hoje \u00e0 noite, dado que as m\u00fasicas j\u00e1 est\u00e3o ensaiadas e estamos todos cansados de uma semana intensa de ensaios e celebra\u00e7\u00f5es. C\u00e2nticos para o Domingo de P\u00e1scoa Entrada:\u00a0Resssuscitou, Aleluia M. &hellip;<\/p>\n<p class=\"read-more\"> <a class=\"more-link\" href=\"https:\/\/coro.paroquiabaixadabanheira.org\/?p=835\"> <span class=\"screen-reader-text\">Domingo II da P\u00e1scoa<\/span> Read More &raquo;<\/a><\/p>\n","protected":false},"author":1,"featured_media":0,"comment_status":"open","ping_status":"open","sticky":false,"template":"","format":"standard","meta":{"footnotes":""},"categories":[3],"tags":[],"class_list":["post-835","post","type-post","status-publish","format-standard","hentry","category-ensaios"],"_links":{"self":[{"href":"https:\/\/coro.paroquiabaixadabanheira.org\/index.php?rest_route=\/wp\/v2\/posts\/835","targetHints":{"allow":["GET"]}}],"collection":[{"href":"https:\/\/coro.paroquiabaixadabanheira.org\/index.php?rest_route=\/wp\/v2\/posts"}],"about":[{"href":"https:\/\/coro.paroquiabaixadabanheira.org\/index.php?rest_route=\/wp\/v2\/types\/post"}],"author":[{"embeddable":true,"href":"https:\/\/coro.paroquiabaixadabanheira.org\/index.php?rest_route=\/wp\/v2\/users\/1"}],"replies":[{"embeddable":true,"href":"https:\/\/coro.paroquiabaixadabanheira.org\/index.php?rest_route=%2Fwp%2Fv2%2Fcomments&post=835"}],"version-history":[{"count":0,"href":"https:\/\/coro.paroquiabaixadabanheira.org\/index.php?rest_route=\/wp\/v2\/posts\/835\/revisions"}],"wp:attachment":[{"href":"https:\/\/coro.paroquiabaixadabanheira.org\/index.php?rest_route=%2Fwp%2Fv2%2Fmedia&parent=835"}],"wp:term":[{"taxonomy":"category","embeddable":true,"href":"https:\/\/coro.paroquiabaixadabanheira.org\/index.php?rest_route=%2Fwp%2Fv2%2Fcategories&post=835"},{"taxonomy":"post_tag","embeddable":true,"href":"https:\/\/coro.paroquiabaixadabanheira.org\/index.php?rest_route=%2Fwp%2Fv2%2Ftags&post=835"}],"curies":[{"name":"wp","href":"https:\/\/api.w.org\/{rel}","templated":true}]}}