{"id":914,"date":"2010-09-22T11:03:28","date_gmt":"2010-09-22T11:03:28","guid":{"rendered":"http:\/\/coro.paroquiabaixadabanheira.org\/?p=914"},"modified":"2010-09-22T11:03:28","modified_gmt":"2010-09-22T11:03:28","slug":"domingo-xxvi-do-tempo-comum","status":"publish","type":"post","link":"https:\/\/coro.paroquiabaixadabanheira.org\/?p=914","title":{"rendered":"Domingo XXVI do Tempo Comum"},"content":{"rendered":"<div>\n<div>\n<h4>C\u00e2nticos para o Domingo XXVI do Tempo Comum (<a href=\"http:\/\/www.portal.ecclesia.pt\/ecclesiaout\/liturgia\/liturgia_site\/lit_dia\/ano_c\/ld_anoc_ver.asp?cod_ano_c=57\">Liturgia<\/a>)<\/h4>\n<ul>\n<li>Entrada:\u00a0<a href=\"\/reportorio\/entrada\/ando.a.procura.pdf\">Ando \u00e0 Procura<\/a><\/li>\n<li>M. Penitencial:\u00a0<a href=\"http:\/\/coro.paroquiabaixadabanheira.org\/reportorio\/penitencial\/senhor.tende.piedade.3.pdf\">Senhor Tende Piedade<\/a><\/li>\n<li>Salmo:\u00a0<a href=\"\/reportorio\/salmos\/c.tempo.comum.26.salmo.145.146.pdf\">Salmo 145(146)<\/a><\/li>\n<li>Aleluia:\u00a0<a href=\"\/reportorio\/aclama\/aleluia.aleluia.aleluia.pdf\">Aleluia, Aleluia, Aleluia<\/a><\/li>\n<li>Ofert\u00f3rio:\u00a0<a href=\"\/reportorio\/ofertorio\/meu.senhor.te.ofertamos.pdf\">Meu Senhor, Te Ofertamos<\/a><\/li>\n<li>Santo:\u00a0<a href=\"\/reportorio\/santo\/santo.leonel.claro.pdf\">Santo (Leonel Claro)<\/a><\/li>\n<li>Paz\/Cordeiro:\u00a0<a href=\"http:\/\/coro.paroquiabaixadabanheira.org\/reportorio\/cordeiro\/cordeiro.olindo.marques.pdf\">Cordeiro de Deus (Olindo Marques)<\/a><\/li>\n<li>Comunh\u00e3o:\u00a0<a href=\"\/reportorio\/comunhao\/pao.divino.pdf\">P\u00e3o Divino<\/a><\/li>\n<li>A. Gra\u00e7as: <a href=\"\/reportorio\/gracas\/gloria.a.deus.pdf\">Gl\u00f3ria a Deus<\/a><\/li>\n<li>Final:\u00a0<a href=\"\/reportorio\/diversos\/voa.a.grande.altitude.pdf\">Voa a Grande Altitude<\/a><\/li>\n<\/ul>\n<\/div>\n<\/div>\n","protected":false},"excerpt":{"rendered":"<p>C\u00e2nticos para o Domingo XXVI do Tempo Comum (Liturgia) Entrada:\u00a0Ando \u00e0 Procura M. Penitencial:\u00a0Senhor Tende Piedade Salmo:\u00a0Salmo 145(146) Aleluia:\u00a0Aleluia, Aleluia, Aleluia Ofert\u00f3rio:\u00a0Meu Senhor, Te Ofertamos Santo:\u00a0Santo (Leonel Claro) Paz\/Cordeiro:\u00a0Cordeiro de Deus (Olindo Marques) Comunh\u00e3o:\u00a0P\u00e3o Divino A. Gra\u00e7as: Gl\u00f3ria a Deus &hellip;<\/p>\n<p class=\"read-more\"> <a class=\"more-link\" href=\"https:\/\/coro.paroquiabaixadabanheira.org\/?p=914\"> <span class=\"screen-reader-text\">Domingo XXVI do Tempo Comum<\/span> Read More &raquo;<\/a><\/p>\n","protected":false},"author":1,"featured_media":0,"comment_status":"open","ping_status":"open","sticky":false,"template":"","format":"standard","meta":{"footnotes":""},"categories":[3],"tags":[],"class_list":["post-914","post","type-post","status-publish","format-standard","hentry","category-ensaios"],"_links":{"self":[{"href":"https:\/\/coro.paroquiabaixadabanheira.org\/index.php?rest_route=\/wp\/v2\/posts\/914","targetHints":{"allow":["GET"]}}],"collection":[{"href":"https:\/\/coro.paroquiabaixadabanheira.org\/index.php?rest_route=\/wp\/v2\/posts"}],"about":[{"href":"https:\/\/coro.paroquiabaixadabanheira.org\/index.php?rest_route=\/wp\/v2\/types\/post"}],"author":[{"embeddable":true,"href":"https:\/\/coro.paroquiabaixadabanheira.org\/index.php?rest_route=\/wp\/v2\/users\/1"}],"replies":[{"embeddable":true,"href":"https:\/\/coro.paroquiabaixadabanheira.org\/index.php?rest_route=%2Fwp%2Fv2%2Fcomments&post=914"}],"version-history":[{"count":0,"href":"https:\/\/coro.paroquiabaixadabanheira.org\/index.php?rest_route=\/wp\/v2\/posts\/914\/revisions"}],"wp:attachment":[{"href":"https:\/\/coro.paroquiabaixadabanheira.org\/index.php?rest_route=%2Fwp%2Fv2%2Fmedia&parent=914"}],"wp:term":[{"taxonomy":"category","embeddable":true,"href":"https:\/\/coro.paroquiabaixadabanheira.org\/index.php?rest_route=%2Fwp%2Fv2%2Fcategories&post=914"},{"taxonomy":"post_tag","embeddable":true,"href":"https:\/\/coro.paroquiabaixadabanheira.org\/index.php?rest_route=%2Fwp%2Fv2%2Ftags&post=914"}],"curies":[{"name":"wp","href":"https:\/\/api.w.org\/{rel}","templated":true}]}}