{"id":916,"date":"2010-09-29T09:10:36","date_gmt":"2010-09-29T09:10:36","guid":{"rendered":"http:\/\/coro.paroquiabaixadabanheira.org\/?p=916"},"modified":"2010-09-29T09:10:36","modified_gmt":"2010-09-29T09:10:36","slug":"domingo-xxvii-do-tempo-comum","status":"publish","type":"post","link":"https:\/\/coro.paroquiabaixadabanheira.org\/?p=916","title":{"rendered":"Domingo XXVII do Tempo Comum"},"content":{"rendered":"<div>\n<div>\n<h4>C\u00e2nticos para o Domingo XXVII do Tempo Comum (<a href=\"http:\/\/www.portal.ecclesia.pt\/ecclesiaout\/liturgia\/liturgia_site\/lit_dia\/ano_c\/ld_anoc_ver.asp?cod_ano_c=58\">Liturgia<\/a>)<\/h4>\n<ul>\n<li>Entrada:\u00a0<a href=\"\/reportorio\/entrada\/igreja.peregrina.pdf\">Igreja Peregrina<\/a><\/li>\n<li>M. Penitencial:\u00a0<a href=\"http:\/\/coro.paroquiabaixadabanheira.org\/reportorio\/penitencial\/senhor.piedade.pdf\">Senhor Piedade<\/a><\/li>\n<li>Salmo:\u00a0<a href=\"\/reportorio\/salmos\/c.tempo.comum.27.salmo.094.095.pdf\">Salmo 094(095)<\/a><\/li>\n<li>Aleluia:\u00a0<a href=\"\/reportorio\/aclama\/aleluia.jesus.e.senhor.pdf\">Aleluia, Jesus \u00e9 Senhor<\/a><\/li>\n<li>Ofert\u00f3rio:\u00a0<a href=\"\/reportorio\/ofertorio\/oracao.santo.inacio.pdf\">Ora\u00e7\u00e3o de Santo In\u00e1cio<\/a><\/li>\n<li>Santo:\u00a0<a href=\"\/reportorio\/santo\/santo.pdf\">Santo<\/a><\/li>\n<li>Paz\/Cordeiro:\u00a0<a href=\"http:\/\/coro.paroquiabaixadabanheira.org\/reportorio\/cordeiro\/proclama.o.teu.senhor.pdf\">Paz, Proclama o Teu Senhor<\/a><\/li>\n<li>Comunh\u00e3o:\u00a0<a href=\"\/reportorio\/comunhao\/pao.e.vinho.pdf\">P\u00e3o e Vinho<\/a><\/li>\n<li>Final:\u00a0<a href=\"\/reportorio\/final\/eu.sinto.senhor.pdf\">Eu Sinto Senhor<\/a><\/li>\n<\/ul>\n<\/div>\n<\/div>\n","protected":false},"excerpt":{"rendered":"<p>C\u00e2nticos para o Domingo XXVII do Tempo Comum (Liturgia) Entrada:\u00a0Igreja Peregrina M. Penitencial:\u00a0Senhor Piedade Salmo:\u00a0Salmo 094(095) Aleluia:\u00a0Aleluia, Jesus \u00e9 Senhor Ofert\u00f3rio:\u00a0Ora\u00e7\u00e3o de Santo In\u00e1cio Santo:\u00a0Santo Paz\/Cordeiro:\u00a0Paz, Proclama o Teu Senhor Comunh\u00e3o:\u00a0P\u00e3o e Vinho Final:\u00a0Eu Sinto Senhor<\/p>\n","protected":false},"author":1,"featured_media":0,"comment_status":"open","ping_status":"open","sticky":false,"template":"","format":"standard","meta":{"footnotes":""},"categories":[3],"tags":[],"class_list":["post-916","post","type-post","status-publish","format-standard","hentry","category-ensaios"],"_links":{"self":[{"href":"https:\/\/coro.paroquiabaixadabanheira.org\/index.php?rest_route=\/wp\/v2\/posts\/916","targetHints":{"allow":["GET"]}}],"collection":[{"href":"https:\/\/coro.paroquiabaixadabanheira.org\/index.php?rest_route=\/wp\/v2\/posts"}],"about":[{"href":"https:\/\/coro.paroquiabaixadabanheira.org\/index.php?rest_route=\/wp\/v2\/types\/post"}],"author":[{"embeddable":true,"href":"https:\/\/coro.paroquiabaixadabanheira.org\/index.php?rest_route=\/wp\/v2\/users\/1"}],"replies":[{"embeddable":true,"href":"https:\/\/coro.paroquiabaixadabanheira.org\/index.php?rest_route=%2Fwp%2Fv2%2Fcomments&post=916"}],"version-history":[{"count":0,"href":"https:\/\/coro.paroquiabaixadabanheira.org\/index.php?rest_route=\/wp\/v2\/posts\/916\/revisions"}],"wp:attachment":[{"href":"https:\/\/coro.paroquiabaixadabanheira.org\/index.php?rest_route=%2Fwp%2Fv2%2Fmedia&parent=916"}],"wp:term":[{"taxonomy":"category","embeddable":true,"href":"https:\/\/coro.paroquiabaixadabanheira.org\/index.php?rest_route=%2Fwp%2Fv2%2Fcategories&post=916"},{"taxonomy":"post_tag","embeddable":true,"href":"https:\/\/coro.paroquiabaixadabanheira.org\/index.php?rest_route=%2Fwp%2Fv2%2Ftags&post=916"}],"curies":[{"name":"wp","href":"https:\/\/api.w.org\/{rel}","templated":true}]}}