{"id":919,"date":"2010-10-12T09:40:45","date_gmt":"2010-10-12T09:40:45","guid":{"rendered":"http:\/\/coro.paroquiabaixadabanheira.org\/?p=919"},"modified":"2010-10-12T09:40:45","modified_gmt":"2010-10-12T09:40:45","slug":"domingo-xxix-do-tempo-comum","status":"publish","type":"post","link":"https:\/\/coro.paroquiabaixadabanheira.org\/?p=919","title":{"rendered":"Domingo XXIX do Tempo Comum"},"content":{"rendered":"<div>\n<h4>C\u00e2nticos para o Domingo XXIX do Tempo Comum (<a href=\"http:\/\/www.portal.ecclesia.pt\/ecclesiaout\/liturgia\/liturgia_site\/lit_dia\/ano_c\/ld_anoc_ver.asp?cod_ano_c=60\">Liturgia<\/a>)<\/h4>\n<ul>\n<li>Entrada:\u00a0<a href=\"\/reportorio\/entrada\/ando.a.procura.pdf\">Ando \u00e0 Procura<\/a><\/li>\n<li>M. Penitencial:\u00a0<a href=\"http:\/\/coro.paroquiabaixadabanheira.org\/reportorio\/penitencial\/misericordia.pdf\">Miseric\u00f3rdia<\/a><\/li>\n<li>Salmo:\u00a0<a href=\"\/reportorio\/salmos\/c.tempo.comum.29.salmo.120.121.pdf\">Salmo 120(121)<\/a><\/li>\n<li>Aleluia:\u00a0<a href=\"\/reportorio\/aclama\/aleluia.aleluia.aleluia.pdf\">Aleluia, Aleluia, Aleluia<\/a><\/li>\n<li>Ofert\u00f3rio:\u00a0<a href=\"\/reportorio\/ofertorio\/oracao.santo.inacio.pdf\">Ora\u00e7\u00e3o de Santo In\u00e1cio<\/a><\/li>\n<li>Santo:\u00a0<a href=\"\/reportorio\/santo\/santo.jose.augusto.pdf\">Santo (Jos\u00e9 Augusto)<\/a><\/li>\n<li>Paz\/Cordeiro:\u00a0<a href=\"http:\/\/coro.paroquiabaixadabanheira.org\/reportorio\/cordeiro\/cordeiro.olindo.marques.pdf\">Cordeiro (Olindo Marques)<\/a><\/li>\n<li>Comunh\u00e3o:\u00a0<a href=\"\/reportorio\/comunhao\/comei.do.pao.pdf\">Comei do P\u00e3o<\/a><\/li>\n<li>Final:\u00a0<a href=\"\/reportorio\/final\/quero.ouvir.teu.apelo.senhor.pdf\">Quero Ouvir Teu Apelo Senhor<\/a><\/li>\n<\/ul>\n<\/div>\n","protected":false},"excerpt":{"rendered":"<p>C\u00e2nticos para o Domingo XXIX do Tempo Comum (Liturgia) Entrada:\u00a0Ando \u00e0 Procura M. Penitencial:\u00a0Miseric\u00f3rdia Salmo:\u00a0Salmo 120(121) Aleluia:\u00a0Aleluia, Aleluia, Aleluia Ofert\u00f3rio:\u00a0Ora\u00e7\u00e3o de Santo In\u00e1cio Santo:\u00a0Santo (Jos\u00e9 Augusto) Paz\/Cordeiro:\u00a0Cordeiro (Olindo Marques) Comunh\u00e3o:\u00a0Comei do P\u00e3o Final:\u00a0Quero Ouvir Teu Apelo Senhor<\/p>\n","protected":false},"author":1,"featured_media":0,"comment_status":"open","ping_status":"open","sticky":false,"template":"","format":"standard","meta":{"footnotes":""},"categories":[3],"tags":[],"class_list":["post-919","post","type-post","status-publish","format-standard","hentry","category-ensaios"],"_links":{"self":[{"href":"https:\/\/coro.paroquiabaixadabanheira.org\/index.php?rest_route=\/wp\/v2\/posts\/919","targetHints":{"allow":["GET"]}}],"collection":[{"href":"https:\/\/coro.paroquiabaixadabanheira.org\/index.php?rest_route=\/wp\/v2\/posts"}],"about":[{"href":"https:\/\/coro.paroquiabaixadabanheira.org\/index.php?rest_route=\/wp\/v2\/types\/post"}],"author":[{"embeddable":true,"href":"https:\/\/coro.paroquiabaixadabanheira.org\/index.php?rest_route=\/wp\/v2\/users\/1"}],"replies":[{"embeddable":true,"href":"https:\/\/coro.paroquiabaixadabanheira.org\/index.php?rest_route=%2Fwp%2Fv2%2Fcomments&post=919"}],"version-history":[{"count":0,"href":"https:\/\/coro.paroquiabaixadabanheira.org\/index.php?rest_route=\/wp\/v2\/posts\/919\/revisions"}],"wp:attachment":[{"href":"https:\/\/coro.paroquiabaixadabanheira.org\/index.php?rest_route=%2Fwp%2Fv2%2Fmedia&parent=919"}],"wp:term":[{"taxonomy":"category","embeddable":true,"href":"https:\/\/coro.paroquiabaixadabanheira.org\/index.php?rest_route=%2Fwp%2Fv2%2Fcategories&post=919"},{"taxonomy":"post_tag","embeddable":true,"href":"https:\/\/coro.paroquiabaixadabanheira.org\/index.php?rest_route=%2Fwp%2Fv2%2Ftags&post=919"}],"curies":[{"name":"wp","href":"https:\/\/api.w.org\/{rel}","templated":true}]}}