{"id":94,"date":"2007-05-17T10:06:15","date_gmt":"2007-05-17T10:06:15","guid":{"rendered":"http:\/\/coro.paroquiabaixadabanheira.org\/?p=94"},"modified":"2007-05-17T10:06:15","modified_gmt":"2007-05-17T10:06:15","slug":"7%c2%ba-domingo-da-pascoa-ascencao","status":"publish","type":"post","link":"https:\/\/coro.paroquiabaixadabanheira.org\/?p=94","title":{"rendered":"7\u00ba Domingo da P\u00e1scoa (Ascen\u00e7\u00e3o)"},"content":{"rendered":"<h4>C&#226;nticos para o 7&#186; Domingo da P&#225;scoa<br \/>\n(<a href=\"http:\/\/agencia.ecclesia.pt\/noticia_liturgia.asp?noticiaid=46897\">Liturgia<\/a>)<\/h4>\n<h4>Solenidade da Ascen&#231;&#227;o do Senhor<\/h4>\n<ul>\n<li>Entrada*: <a href=\"\/reportorio\/pascoa\/ressuscitou.aleluia.pdf\">Ressuscitou, Aleluia<\/a><\/li>\n<li><strong>M. Penitencial<\/strong>: <a href=\"\/reportorio\/penitencial\/misericordia.pdf\">Misericordia<\/a><\/li>\n<li><strong>Salmo<\/strong>: <a href=\"\/reportorio\/salmos\/c.pascoa.07.salmo.046.047.pdf\">Salmo 46&#8211;47<\/a><\/li>\n<li><strong>Aleluia<\/strong>: <a href=\"\/reportorio\/pascoa\/ressuscitou.pdf\">Ressuscitou<\/a><\/li>\n<li><strong>Ofert&#243;rio<\/strong>: <a href=\"\/reportorio\/ofertorio\/saber.que.viras.pdf\">Saber que Vir&#225;s<\/a><\/li>\n<li><strong>Santo<\/strong>:<a href=\"\/reportorio\/santo\/santo.desc.pdf\">Santo<\/a><\/li>\n<li><strong>Cordeiro<\/strong>: <a href=\"\/reportorio\/cordeiro\/cordeiro.pdf\">Cordeiro de Deus<\/a><\/li>\n<li><strong>Comunh&#227;o<\/strong>: <a href=\"\/reportorio\/comunhao\/e.o.meu.corpo.pdf\">&#201; o Meu Corpo<\/a><\/li>\n<li><strong>Ac&#231;&#227;o de Gra&#231;as<\/strong>: <a href=\"\/reportorio\/maria\/ave.maria.gratia.plena.pdf\">Ave Maria<\/a><\/li>\n<li><strong>Final<\/strong>:  <a href=\"\/reportorio\/final\/eu.sinto.senhor.pdf\">Eu Sinto Senhor<\/a><\/li>\n<\/ul>\n","protected":false},"excerpt":{"rendered":"<p>C&#226;nticos para o 7&#186; Domingo da P&#225;scoa (Liturgia) Solenidade da Ascen&#231;&#227;o do Senhor Entrada*: Ressuscitou, Aleluia M. Penitencial: Misericordia Salmo: Salmo 46&#8211;47 Aleluia: Ressuscitou Ofert&#243;rio: Saber que Vir&#225;s Santo:Santo Cordeiro: Cordeiro de Deus Comunh&#227;o: &#201; o Meu Corpo Ac&#231;&#227;o de &hellip;<\/p>\n<p class=\"read-more\"> <a class=\"more-link\" href=\"https:\/\/coro.paroquiabaixadabanheira.org\/?p=94\"> <span class=\"screen-reader-text\">7\u00ba Domingo da P\u00e1scoa (Ascen\u00e7\u00e3o)<\/span> Read More &raquo;<\/a><\/p>\n","protected":false},"author":1,"featured_media":0,"comment_status":"closed","ping_status":"open","sticky":false,"template":"","format":"standard","meta":{"footnotes":""},"categories":[3],"tags":[],"class_list":["post-94","post","type-post","status-publish","format-standard","hentry","category-ensaios"],"_links":{"self":[{"href":"https:\/\/coro.paroquiabaixadabanheira.org\/index.php?rest_route=\/wp\/v2\/posts\/94","targetHints":{"allow":["GET"]}}],"collection":[{"href":"https:\/\/coro.paroquiabaixadabanheira.org\/index.php?rest_route=\/wp\/v2\/posts"}],"about":[{"href":"https:\/\/coro.paroquiabaixadabanheira.org\/index.php?rest_route=\/wp\/v2\/types\/post"}],"author":[{"embeddable":true,"href":"https:\/\/coro.paroquiabaixadabanheira.org\/index.php?rest_route=\/wp\/v2\/users\/1"}],"replies":[{"embeddable":true,"href":"https:\/\/coro.paroquiabaixadabanheira.org\/index.php?rest_route=%2Fwp%2Fv2%2Fcomments&post=94"}],"version-history":[{"count":0,"href":"https:\/\/coro.paroquiabaixadabanheira.org\/index.php?rest_route=\/wp\/v2\/posts\/94\/revisions"}],"wp:attachment":[{"href":"https:\/\/coro.paroquiabaixadabanheira.org\/index.php?rest_route=%2Fwp%2Fv2%2Fmedia&parent=94"}],"wp:term":[{"taxonomy":"category","embeddable":true,"href":"https:\/\/coro.paroquiabaixadabanheira.org\/index.php?rest_route=%2Fwp%2Fv2%2Fcategories&post=94"},{"taxonomy":"post_tag","embeddable":true,"href":"https:\/\/coro.paroquiabaixadabanheira.org\/index.php?rest_route=%2Fwp%2Fv2%2Ftags&post=94"}],"curies":[{"name":"wp","href":"https:\/\/api.w.org\/{rel}","templated":true}]}}