{"id":955,"date":"2011-03-15T11:46:24","date_gmt":"2011-03-15T11:46:24","guid":{"rendered":"http:\/\/coro.paroquiabaixadabanheira.org\/?p=955"},"modified":"2011-03-15T11:46:24","modified_gmt":"2011-03-15T11:46:24","slug":"domingo-ii-da-quaresma-2","status":"publish","type":"post","link":"https:\/\/coro.paroquiabaixadabanheira.org\/?p=955","title":{"rendered":"Domingo II da Quaresma"},"content":{"rendered":"<h4>C\u00e2nticos para o Domingo II da Quaresma &#8211; Ano A (<a href=\"http:\/\/www.portal.ecclesia.pt\/ecclesiaout\/liturgia\/liturgia_site\/lit_dia\/ano_a\/ld_anoa_ver.asp?cod_ano_a=16\">Liturgia<\/a>)<\/h4>\n<p><\/p>\n<ul>\n<li><strong>Entrada:<\/strong> <a href=\"\/reportorio\/diversos\/parte.da.tua.terra.pdf\">Parte da Tua Terra<\/a><\/li>\n<li><strong>Momento Penitencial:<\/strong> <a href=\"\/reportorio\/penitencial\/senhor.tende.piedade.3.pdf\">Senhor, Tende Piedade<\/a><\/li>\n<li><strong>Salmo:<\/strong>Salmo 32(33)<\/a><\/li>\n<li><strong>Aleluia<\/strong>:\u00a0<a href=\"\/reportorio\/aclama\/louvor.a.vos.rei.da.eterna.gloria.pdf\">Louvor a V\u00f3s, Rei da Eterna Gl\u00f3ria<\/a><\/li>\n<li><strong>Ofert\u00f3rio<\/strong>:\u00a0<a href=\"\/reportorio\/ofertorio\/meu.senhor.te.ofertamos.pdf\">Meu Senhor, Te Ofertamos<\/a><\/li>\n<li><strong>Santo<\/strong>:<a href=\"\/reportorio\/santo\/santo.leonel.claro.pdf\">Santo (Leonel Claro)<\/a><\/li>\n<li><strong>Cordeiro:<\/strong> <a href=\"\/reportorio\/cordeiro\/cordeiro.aragues.pdf\">Cordeiro (T. Aragu\u00e9s)<\/a><\/li>\n<li><strong>Comunh\u00e3o:<\/strong> <a href=\"\/reportorio\/comunhao\/pao.e.vinho.pdf\">P\u00e3o e Vinho<\/a><\/li>\n<li><strong>A. Gra\u00e7as<\/strong>:\u00a0<a href=\"\/reportorio\/diversos\/deus.de.amor.pdf\">Deus de Amor<\/a><\/li>\n<li><strong>Final<\/strong>:\u00a0<a href=\"\/reportorio\/diversos\/se.o.grao.de.trigo.pdf\">Se o Gr\u00e3o de Trigo<\/a><\/li>\n<\/ul>\n<h4>Para ensaiar:<\/h4>\n<ul>\n<li><a href=\"\/reportorio\/santo\/santo.f.silva.pdf\">Santo (F. Silva)<\/a><\/li>\n<li><a href=\"\/reportorio\/penitencial\/tende.compaixao.pdf\">Tende Compaix\u00e3o<\/a><\/li>\n<li><a href=\"\/reportorio\/entrada\/o.povo.de.deus.pdf\">O Povo de Deus<\/a><\/li>\n<li><a href=\"\/reportorio\/comunhao\/o.bom.pastor.pdf\">O Bom Pastor<\/a><\/li>\n<\/ul>\n","protected":false},"excerpt":{"rendered":"<p>C\u00e2nticos para o Domingo II da Quaresma &#8211; Ano A (Liturgia) Entrada: Parte da Tua Terra Momento Penitencial: Senhor, Tende Piedade Salmo:Salmo 32(33) Aleluia:\u00a0Louvor a V\u00f3s, Rei da Eterna Gl\u00f3ria Ofert\u00f3rio:\u00a0Meu Senhor, Te Ofertamos Santo:Santo (Leonel Claro) Cordeiro: Cordeiro (T. &hellip;<\/p>\n<p class=\"read-more\"> <a class=\"more-link\" href=\"https:\/\/coro.paroquiabaixadabanheira.org\/?p=955\"> <span class=\"screen-reader-text\">Domingo II da Quaresma<\/span> Read More &raquo;<\/a><\/p>\n","protected":false},"author":1,"featured_media":0,"comment_status":"open","ping_status":"open","sticky":false,"template":"","format":"standard","meta":{"footnotes":""},"categories":[3],"tags":[],"class_list":["post-955","post","type-post","status-publish","format-standard","hentry","category-ensaios"],"_links":{"self":[{"href":"https:\/\/coro.paroquiabaixadabanheira.org\/index.php?rest_route=\/wp\/v2\/posts\/955","targetHints":{"allow":["GET"]}}],"collection":[{"href":"https:\/\/coro.paroquiabaixadabanheira.org\/index.php?rest_route=\/wp\/v2\/posts"}],"about":[{"href":"https:\/\/coro.paroquiabaixadabanheira.org\/index.php?rest_route=\/wp\/v2\/types\/post"}],"author":[{"embeddable":true,"href":"https:\/\/coro.paroquiabaixadabanheira.org\/index.php?rest_route=\/wp\/v2\/users\/1"}],"replies":[{"embeddable":true,"href":"https:\/\/coro.paroquiabaixadabanheira.org\/index.php?rest_route=%2Fwp%2Fv2%2Fcomments&post=955"}],"version-history":[{"count":0,"href":"https:\/\/coro.paroquiabaixadabanheira.org\/index.php?rest_route=\/wp\/v2\/posts\/955\/revisions"}],"wp:attachment":[{"href":"https:\/\/coro.paroquiabaixadabanheira.org\/index.php?rest_route=%2Fwp%2Fv2%2Fmedia&parent=955"}],"wp:term":[{"taxonomy":"category","embeddable":true,"href":"https:\/\/coro.paroquiabaixadabanheira.org\/index.php?rest_route=%2Fwp%2Fv2%2Fcategories&post=955"},{"taxonomy":"post_tag","embeddable":true,"href":"https:\/\/coro.paroquiabaixadabanheira.org\/index.php?rest_route=%2Fwp%2Fv2%2Ftags&post=955"}],"curies":[{"name":"wp","href":"https:\/\/api.w.org\/{rel}","templated":true}]}}