{"id":956,"date":"2011-03-15T12:07:38","date_gmt":"2011-03-15T12:07:38","guid":{"rendered":"http:\/\/coro.paroquiabaixadabanheira.org\/?p=956"},"modified":"2011-03-15T12:07:38","modified_gmt":"2011-03-15T12:07:38","slug":"encontro-de-coralistas","status":"publish","type":"post","link":"https:\/\/coro.paroquiabaixadabanheira.org\/?p=956","title":{"rendered":"Encontro de Coralistas"},"content":{"rendered":"<p>O Encontro realizar-se-\u00e1 na Igreja Paroquial do Montijo no pr\u00f3ximo s\u00e1bado 19 de Mar\u00e7o entre as 9h30m e as 12h30m para as vigararias de Barreiro-Moita e de Montijo.<\/p>\n<p>Na sexta-feira combinamos o transporte para quem puder assistir.<\/p>\n<p>Podem ver a not\u00edcia original aqui:<\/p>\n<p><a href=\"http:\/\/setubaleamusicasacra.blogspot.com\/2011\/03\/ii-encontro-de-coralistas.html\">http:\/\/setubaleamusicasacra.blogspot.com\/2011\/03\/ii-encontro-de-coralistas.html<\/a><\/p>\n","protected":false},"excerpt":{"rendered":"<p>O Encontro realizar-se-\u00e1 na Igreja Paroquial do Montijo no pr\u00f3ximo s\u00e1bado 19 de Mar\u00e7o entre as 9h30m e as 12h30m para as vigararias de Barreiro-Moita e de Montijo. Na sexta-feira combinamos o transporte para quem puder assistir. Podem ver a &hellip;<\/p>\n<p class=\"read-more\"> <a class=\"more-link\" href=\"https:\/\/coro.paroquiabaixadabanheira.org\/?p=956\"> <span class=\"screen-reader-text\">Encontro de Coralistas<\/span> Read More &raquo;<\/a><\/p>\n","protected":false},"author":1,"featured_media":0,"comment_status":"open","ping_status":"open","sticky":false,"template":"","format":"standard","meta":{"footnotes":""},"categories":[4],"tags":[],"class_list":["post-956","post","type-post","status-publish","format-standard","hentry","category-noticias"],"_links":{"self":[{"href":"https:\/\/coro.paroquiabaixadabanheira.org\/index.php?rest_route=\/wp\/v2\/posts\/956","targetHints":{"allow":["GET"]}}],"collection":[{"href":"https:\/\/coro.paroquiabaixadabanheira.org\/index.php?rest_route=\/wp\/v2\/posts"}],"about":[{"href":"https:\/\/coro.paroquiabaixadabanheira.org\/index.php?rest_route=\/wp\/v2\/types\/post"}],"author":[{"embeddable":true,"href":"https:\/\/coro.paroquiabaixadabanheira.org\/index.php?rest_route=\/wp\/v2\/users\/1"}],"replies":[{"embeddable":true,"href":"https:\/\/coro.paroquiabaixadabanheira.org\/index.php?rest_route=%2Fwp%2Fv2%2Fcomments&post=956"}],"version-history":[{"count":0,"href":"https:\/\/coro.paroquiabaixadabanheira.org\/index.php?rest_route=\/wp\/v2\/posts\/956\/revisions"}],"wp:attachment":[{"href":"https:\/\/coro.paroquiabaixadabanheira.org\/index.php?rest_route=%2Fwp%2Fv2%2Fmedia&parent=956"}],"wp:term":[{"taxonomy":"category","embeddable":true,"href":"https:\/\/coro.paroquiabaixadabanheira.org\/index.php?rest_route=%2Fwp%2Fv2%2Fcategories&post=956"},{"taxonomy":"post_tag","embeddable":true,"href":"https:\/\/coro.paroquiabaixadabanheira.org\/index.php?rest_route=%2Fwp%2Fv2%2Ftags&post=956"}],"curies":[{"name":"wp","href":"https:\/\/api.w.org\/{rel}","templated":true}]}}