{"id":961,"date":"2011-04-04T10:46:17","date_gmt":"2011-04-04T10:46:17","guid":{"rendered":"http:\/\/coro.paroquiabaixadabanheira.org\/?p=961"},"modified":"2011-04-04T10:46:17","modified_gmt":"2011-04-04T10:46:17","slug":"domingo-v-da-quaresma-2","status":"publish","type":"post","link":"https:\/\/coro.paroquiabaixadabanheira.org\/?p=961","title":{"rendered":"Domingo V da Quaresma"},"content":{"rendered":"<h4>C\u00e2nticos para o Domingo V da Quaresma &#8211; Ano A (<a href=\"http:\/\/www.portal.ecclesia.pt\/ecclesiaout\/liturgia\/liturgia_site\/lit_dia\/ano_a\/ld_anoa_ver.asp?cod_ano_a=19\">Liturgia<\/a>)<\/h4>\n<p>&nbsp;<\/p>\n<ul>\n<li><strong>Entrada:<\/strong> <a href=\"\/reportorio\/entrada\/o.povo.de.deus.pdf\">O Povo de Deus<\/a><\/li>\n<li><strong>Momento Penitencial:<\/strong> <a href=\"\/reportorio\/penitencial\/senhor.tende.piedade.3.pdf\">Senhor Tende Piedade (Mel. Alentejana)<\/a><\/li>\n<li><strong>Salmo:<\/strong>Salmo 129(130)<\/li>\n<li><strong>Aleluia<\/strong>:\u00a0<a href=\"\/reportorio\/aclama\/louvor.a.vos.rei.da.eterna.gloria.pdf\">Louvor a V\u00f3s, Rei da Eterna Gl\u00f3ria<\/a><\/li>\n<li><strong>Ofert\u00f3rio<\/strong>:\u00a0<a href=\"\/reportorio\/ofertorio\/meu.senhor.te.ofertamos.pdf\">Meu Senhor Te Ofertamos<\/a><\/li>\n<li><strong>Santo<\/strong>:<a href=\"\/reportorio\/santo\/santo.f.silva.pdf\">Santo (F. Silva)<\/a><\/li>\n<li><strong>Cordeiro:<\/strong> <a href=\"\/reportorio\/cordeiro\/cordeiro.olindo.marques.pdf\">Cordeiro (O. Marques)<\/a><\/li>\n<li><strong>Comunh\u00e3o:<\/strong> <a href=\"\/reportorio\/comunhao\/pao.e.vinho.pdf\">P\u00e3o e Vinho<\/a><\/li>\n<li><strong>A. Gra\u00e7as<\/strong>:\u00a0<a href=\"\/reportorio\/gracas\/meu.canto.e.para.ti.pdf\">Meu Canto \u00e9 Para Ti<\/a><\/li>\n<li><strong>Final<\/strong>:\u00a0<a href=\"\/reportorio\/quaresma\/no.senhor.pus.a.minha.esperanca.pdf\">No Senhor Pus a Minha Esperan\u00e7a<\/a><\/li>\n<\/ul>\n<h4>Para ensaiar:<\/h4>\n<ul>\n<li><a href=\"\/reportorio\/quaresma\/caminha.povo.de.deus.pdf\">Caminha Povo de Deus<\/a><\/li>\n<li><a href=\"\/reportorio\/penitencial\/tende.compaixao.pdf\">Tende Compaix\u00e3o<\/a><\/li>\n<li><a href=\"\/reportorio\/comunhao\/o.bom.pastor.pdf\">O Bom Pastor<\/a><\/li>\n<\/ul>\n","protected":false},"excerpt":{"rendered":"<p>C\u00e2nticos para o Domingo V da Quaresma &#8211; Ano A (Liturgia) &nbsp; Entrada: O Povo de Deus Momento Penitencial: Senhor Tende Piedade (Mel. Alentejana) Salmo:Salmo 129(130) Aleluia:\u00a0Louvor a V\u00f3s, Rei da Eterna Gl\u00f3ria Ofert\u00f3rio:\u00a0Meu Senhor Te Ofertamos Santo:Santo (F. Silva) &hellip;<\/p>\n<p class=\"read-more\"> <a class=\"more-link\" href=\"https:\/\/coro.paroquiabaixadabanheira.org\/?p=961\"> <span class=\"screen-reader-text\">Domingo V da Quaresma<\/span> Read More &raquo;<\/a><\/p>\n","protected":false},"author":1,"featured_media":0,"comment_status":"open","ping_status":"open","sticky":false,"template":"","format":"standard","meta":{"footnotes":""},"categories":[3],"tags":[],"class_list":["post-961","post","type-post","status-publish","format-standard","hentry","category-ensaios"],"_links":{"self":[{"href":"https:\/\/coro.paroquiabaixadabanheira.org\/index.php?rest_route=\/wp\/v2\/posts\/961","targetHints":{"allow":["GET"]}}],"collection":[{"href":"https:\/\/coro.paroquiabaixadabanheira.org\/index.php?rest_route=\/wp\/v2\/posts"}],"about":[{"href":"https:\/\/coro.paroquiabaixadabanheira.org\/index.php?rest_route=\/wp\/v2\/types\/post"}],"author":[{"embeddable":true,"href":"https:\/\/coro.paroquiabaixadabanheira.org\/index.php?rest_route=\/wp\/v2\/users\/1"}],"replies":[{"embeddable":true,"href":"https:\/\/coro.paroquiabaixadabanheira.org\/index.php?rest_route=%2Fwp%2Fv2%2Fcomments&post=961"}],"version-history":[{"count":0,"href":"https:\/\/coro.paroquiabaixadabanheira.org\/index.php?rest_route=\/wp\/v2\/posts\/961\/revisions"}],"wp:attachment":[{"href":"https:\/\/coro.paroquiabaixadabanheira.org\/index.php?rest_route=%2Fwp%2Fv2%2Fmedia&parent=961"}],"wp:term":[{"taxonomy":"category","embeddable":true,"href":"https:\/\/coro.paroquiabaixadabanheira.org\/index.php?rest_route=%2Fwp%2Fv2%2Fcategories&post=961"},{"taxonomy":"post_tag","embeddable":true,"href":"https:\/\/coro.paroquiabaixadabanheira.org\/index.php?rest_route=%2Fwp%2Fv2%2Ftags&post=961"}],"curies":[{"name":"wp","href":"https:\/\/api.w.org\/{rel}","templated":true}]}}