{"id":962,"date":"2011-04-14T10:19:19","date_gmt":"2011-04-14T10:19:19","guid":{"rendered":"http:\/\/coro.paroquiabaixadabanheira.org\/?p=962"},"modified":"2011-04-14T10:19:19","modified_gmt":"2011-04-14T10:19:19","slug":"domingo-de-ramos-vi-quaresma","status":"publish","type":"post","link":"https:\/\/coro.paroquiabaixadabanheira.org\/?p=962","title":{"rendered":"Domingo de Ramos (VI Quaresma)"},"content":{"rendered":"<h4>C\u00e2nticos para o Domingo De Ramos na Paix\u00e3o do Senhor (<a href=\"http:\/\/www.portal.ecclesia.pt\/ecclesiaout\/liturgia\/liturgia_site\/lit_dia\/ano_a\/ld_anoa_ver.asp?cod_ano_a=20\">Liturgia<\/a>)<\/h4>\n<ul>\n<li>Entrada:\u00a0<a href=\"\/reportorio\/diversos\/hossana.pdf\">Hossana nas Alturas<\/a><\/li>\n<li>M. Penitencial:\u00a0<a href=\"\/reportorio\/penitencial\/senhor.tende.piedade.3.pdf\">Senhor, Tende Piedade de N\u00f3s (M. Alentejana)<\/a><\/li>\n<li>Salmo:\u00a0<a href=\"\/reportorio\/salmos\/quaresma.ramos.salmo.021.022.pdf\">Salmo 21(22)<\/a><\/li>\n<li><strong>Aclama\u00e7\u00e3o da Palavra<\/strong>:\u00a0<a href=\"\/reportorio\/aclama\/louvor.a.vos.rei.da.eterna.gloria.pdf\">Louvor a V\u00f3s, Rei da Eterna Gl\u00f3ria<\/a><\/li>\n<li>Ofert\u00f3rio:\u00a0<a href=\"\/reportorio\/ofertorio\/oracao.santo.inacio.pdf\">Ora\u00e7\u00e3o de Santo In\u00e1cio<\/a><\/li>\n<li>Santo:<a href=\"\/reportorio\/santo\/santo.desc.pdf\">Santo (Desc)<\/a><\/li>\n<li>Cordeiro:\u00a0<a href=\"http:\/\/coro.paroquiabaixadabanheira.org\/reportorio\/cordeiro\/cordeiro.olindo.marques.pdf\">Cordeiro (Olindo Marques)<\/a><\/li>\n<li>Comunh\u00e3o:\u00a0<a href=\"http:\/\/coro.paroquiabaixadabanheira.org\/reportorio\/comunhao\/comei.do.pao.pdf\">Comei do P\u00e3o<\/a><\/li>\n<li>Final:\u00a0<a href=\"http:\/\/coro.paroquiabaixadabanheira.org\/reportorio\/quaresma\/caminha.povo.de.deus.pdf\">Caminha Povo de Deus<\/a><\/li>\n<\/ul>\n","protected":false},"excerpt":{"rendered":"<p>C\u00e2nticos para o Domingo De Ramos na Paix\u00e3o do Senhor (Liturgia) Entrada:\u00a0Hossana nas Alturas M. Penitencial:\u00a0Senhor, Tende Piedade de N\u00f3s (M. Alentejana) Salmo:\u00a0Salmo 21(22) Aclama\u00e7\u00e3o da Palavra:\u00a0Louvor a V\u00f3s, Rei da Eterna Gl\u00f3ria Ofert\u00f3rio:\u00a0Ora\u00e7\u00e3o de Santo In\u00e1cio Santo:Santo (Desc) Cordeiro:\u00a0Cordeiro &hellip;<\/p>\n<p class=\"read-more\"> <a class=\"more-link\" href=\"https:\/\/coro.paroquiabaixadabanheira.org\/?p=962\"> <span class=\"screen-reader-text\">Domingo de Ramos (VI Quaresma)<\/span> Read More &raquo;<\/a><\/p>\n","protected":false},"author":1,"featured_media":0,"comment_status":"open","ping_status":"open","sticky":false,"template":"","format":"standard","meta":{"footnotes":""},"categories":[3],"tags":[],"class_list":["post-962","post","type-post","status-publish","format-standard","hentry","category-ensaios"],"_links":{"self":[{"href":"https:\/\/coro.paroquiabaixadabanheira.org\/index.php?rest_route=\/wp\/v2\/posts\/962","targetHints":{"allow":["GET"]}}],"collection":[{"href":"https:\/\/coro.paroquiabaixadabanheira.org\/index.php?rest_route=\/wp\/v2\/posts"}],"about":[{"href":"https:\/\/coro.paroquiabaixadabanheira.org\/index.php?rest_route=\/wp\/v2\/types\/post"}],"author":[{"embeddable":true,"href":"https:\/\/coro.paroquiabaixadabanheira.org\/index.php?rest_route=\/wp\/v2\/users\/1"}],"replies":[{"embeddable":true,"href":"https:\/\/coro.paroquiabaixadabanheira.org\/index.php?rest_route=%2Fwp%2Fv2%2Fcomments&post=962"}],"version-history":[{"count":0,"href":"https:\/\/coro.paroquiabaixadabanheira.org\/index.php?rest_route=\/wp\/v2\/posts\/962\/revisions"}],"wp:attachment":[{"href":"https:\/\/coro.paroquiabaixadabanheira.org\/index.php?rest_route=%2Fwp%2Fv2%2Fmedia&parent=962"}],"wp:term":[{"taxonomy":"category","embeddable":true,"href":"https:\/\/coro.paroquiabaixadabanheira.org\/index.php?rest_route=%2Fwp%2Fv2%2Fcategories&post=962"},{"taxonomy":"post_tag","embeddable":true,"href":"https:\/\/coro.paroquiabaixadabanheira.org\/index.php?rest_route=%2Fwp%2Fv2%2Ftags&post=962"}],"curies":[{"name":"wp","href":"https:\/\/api.w.org\/{rel}","templated":true}]}}