{"id":972,"date":"2011-05-10T10:38:59","date_gmt":"2011-05-10T10:38:59","guid":{"rendered":"http:\/\/coro.paroquiabaixadabanheira.org\/?p=972"},"modified":"2011-05-10T10:38:59","modified_gmt":"2011-05-10T10:38:59","slug":"domingo-iv-da-pascoa-2","status":"publish","type":"post","link":"https:\/\/coro.paroquiabaixadabanheira.org\/?p=972","title":{"rendered":"Domingo IV da P\u00e1scoa"},"content":{"rendered":"<h4>C\u00e2nticos para o Domingo IV da P\u00e1scoa (<a href=\"http:\/\/www.portal.ecclesia.pt\/ecclesiaout\/liturgia\/liturgia_site\/lit_dia\/ano_a\/ld_anoa_ver.asp?cod_ano_a=27\">Liturgia<\/a>)<\/h4>\n<h5>1\u00aa Comunh\u00e3o (3\u00ba Volume)<\/h5>\n<ul>\n<li>Entrada:\u00a0<a href=\"\/reportorio\/entrada\/guiado.pela.mao.pdf\">Guiado Pela M\u00e3o<\/a><\/li>\n<li>M. Penitencial: <a href=\"http:\/\/coro.paroquiabaixadabanheira.org\/reportorio\/penitencial\/quantas.vezes.pdf\">Quantas Vezes<\/a><\/li>\n<li>Salmo 22(23)<\/li>\n<li>Aleluia:\u00a0<a href=\"\/reportorio\/advento\/canto.a.cristo.pdf\">Canto a Cristo<\/a><\/li>\n<li>Ofert\u00f3rio: <a href=\"http:\/\/coro.paroquiabaixadabanheira.org\/reportorio\/diversos\/vasos.de.barro.pdf\">Vasos de Barro<\/a><\/li>\n<li>Santo: <a href=\"\/reportorio\/santo\/santo.africano.pdf\">Santo Africano<\/a><\/li>\n<li>Paz\/Cordeiro: <a href=\"http:\/\/coro.paroquiabaixadabanheira.org\/reportorio\/diversos\/ama.pdf\">Ama, Se Queres Ser Feliz<\/a><\/li>\n<li>Comunh\u00e3o: <a href=\"\/reportorio\/diversos\/tao.perto.de.mim.pdf\">T\u00e3o Perto de Mim<\/a><\/li>\n<li>Final: <a href=\"\/reportorio\/diversos\/louvado.sejas.pdf\">Louvado Sejas<\/a><\/li>\n<\/ul>\n","protected":false},"excerpt":{"rendered":"<p>C\u00e2nticos para o Domingo IV da P\u00e1scoa (Liturgia) 1\u00aa Comunh\u00e3o (3\u00ba Volume) Entrada:\u00a0Guiado Pela M\u00e3o M. Penitencial: Quantas Vezes Salmo 22(23) Aleluia:\u00a0Canto a Cristo Ofert\u00f3rio: Vasos de Barro Santo: Santo Africano Paz\/Cordeiro: Ama, Se Queres Ser Feliz Comunh\u00e3o: T\u00e3o Perto &hellip;<\/p>\n<p class=\"read-more\"> <a class=\"more-link\" href=\"https:\/\/coro.paroquiabaixadabanheira.org\/?p=972\"> <span class=\"screen-reader-text\">Domingo IV da P\u00e1scoa<\/span> Read More &raquo;<\/a><\/p>\n","protected":false},"author":1,"featured_media":0,"comment_status":"open","ping_status":"open","sticky":false,"template":"","format":"standard","meta":{"footnotes":""},"categories":[3],"tags":[],"class_list":["post-972","post","type-post","status-publish","format-standard","hentry","category-ensaios"],"_links":{"self":[{"href":"https:\/\/coro.paroquiabaixadabanheira.org\/index.php?rest_route=\/wp\/v2\/posts\/972","targetHints":{"allow":["GET"]}}],"collection":[{"href":"https:\/\/coro.paroquiabaixadabanheira.org\/index.php?rest_route=\/wp\/v2\/posts"}],"about":[{"href":"https:\/\/coro.paroquiabaixadabanheira.org\/index.php?rest_route=\/wp\/v2\/types\/post"}],"author":[{"embeddable":true,"href":"https:\/\/coro.paroquiabaixadabanheira.org\/index.php?rest_route=\/wp\/v2\/users\/1"}],"replies":[{"embeddable":true,"href":"https:\/\/coro.paroquiabaixadabanheira.org\/index.php?rest_route=%2Fwp%2Fv2%2Fcomments&post=972"}],"version-history":[{"count":0,"href":"https:\/\/coro.paroquiabaixadabanheira.org\/index.php?rest_route=\/wp\/v2\/posts\/972\/revisions"}],"wp:attachment":[{"href":"https:\/\/coro.paroquiabaixadabanheira.org\/index.php?rest_route=%2Fwp%2Fv2%2Fmedia&parent=972"}],"wp:term":[{"taxonomy":"category","embeddable":true,"href":"https:\/\/coro.paroquiabaixadabanheira.org\/index.php?rest_route=%2Fwp%2Fv2%2Fcategories&post=972"},{"taxonomy":"post_tag","embeddable":true,"href":"https:\/\/coro.paroquiabaixadabanheira.org\/index.php?rest_route=%2Fwp%2Fv2%2Ftags&post=972"}],"curies":[{"name":"wp","href":"https:\/\/api.w.org\/{rel}","templated":true}]}}