{"id":976,"date":"2011-05-23T16:58:49","date_gmt":"2011-05-23T16:58:49","guid":{"rendered":"http:\/\/coro.paroquiabaixadabanheira.org\/?p=976"},"modified":"2011-05-23T16:58:49","modified_gmt":"2011-05-23T16:58:49","slug":"domingo-vi-da-pascoa-2","status":"publish","type":"post","link":"https:\/\/coro.paroquiabaixadabanheira.org\/?p=976","title":{"rendered":"Domingo VI da P\u00e1scoa"},"content":{"rendered":"<h4>C\u00e2nticos para o Domingo V da P\u00e1scoa (<a href=\"http:\/\/www.portal.ecclesia.pt\/ecclesiaout\/liturgia\/liturgia_site\/lit_dia\/ano_a\/ld_anoa_ver.asp?cod_ano_a=29\">Liturgia<\/a>)<\/h4>\n<ul>\n<li>Entrada:\u00a0<a href=\"\/reportorio\/entrada\/vamos.caminhando.pdf\">Vamos Caminhando<\/a><\/li>\n<li>M. Penitencial: <a href=\"http:\/\/coro.paroquiabaixadabanheira.org\/reportorio\/penitencial\/senhor.tem.piedade.de.nos.pdf\">Senhor Tem Piedade<\/a><\/li>\n<li>Salmo 65(66)<\/li>\n<li>Aleluia:\u00a0<a href=\"\/reportorio\/aclama\/aleluia.junto.a.ti.pdf\">Aleluia, Junto a Ti<\/a><\/li>\n<li>Ofert\u00f3rio: <a href=\"\/reportorio\/ofertorio\/saber.que.viras.pdf\">Saber que Vir\u00e1s<\/a><\/li>\n<li>Santo: <a href=\"\/reportorio\/santo\/santo.desc.pdf\">Santo<\/a><\/li>\n<li>Paz\/Cordeiro: <a href=\"\/reportorio\/cordeiro\/cordeiro.aragues.pdf\">Cordeiro (Ar\u00e1gues)<\/a><\/li>\n<li>Comunh\u00e3o: <a href=\"\/reportorio\/comunhao\/pao.e.vinho.pdf\">P\u00e3o e Vinho<\/a><\/li>\n<li>Final: <a href=\"\/reportorio\/final\/quero.ouvir.teu.apelo.senhor.pdf\">Quero Ouvir Teu Apelo Senhor<\/a><\/li>\n<\/ul>\n","protected":false},"excerpt":{"rendered":"<p>C\u00e2nticos para o Domingo V da P\u00e1scoa (Liturgia) Entrada:\u00a0Vamos Caminhando M. Penitencial: Senhor Tem Piedade Salmo 65(66) Aleluia:\u00a0Aleluia, Junto a Ti Ofert\u00f3rio: Saber que Vir\u00e1s Santo: Santo Paz\/Cordeiro: Cordeiro (Ar\u00e1gues) Comunh\u00e3o: P\u00e3o e Vinho Final: Quero Ouvir Teu Apelo Senhor<\/p>\n","protected":false},"author":1,"featured_media":0,"comment_status":"open","ping_status":"open","sticky":false,"template":"","format":"standard","meta":{"footnotes":""},"categories":[3],"tags":[],"class_list":["post-976","post","type-post","status-publish","format-standard","hentry","category-ensaios"],"_links":{"self":[{"href":"https:\/\/coro.paroquiabaixadabanheira.org\/index.php?rest_route=\/wp\/v2\/posts\/976","targetHints":{"allow":["GET"]}}],"collection":[{"href":"https:\/\/coro.paroquiabaixadabanheira.org\/index.php?rest_route=\/wp\/v2\/posts"}],"about":[{"href":"https:\/\/coro.paroquiabaixadabanheira.org\/index.php?rest_route=\/wp\/v2\/types\/post"}],"author":[{"embeddable":true,"href":"https:\/\/coro.paroquiabaixadabanheira.org\/index.php?rest_route=\/wp\/v2\/users\/1"}],"replies":[{"embeddable":true,"href":"https:\/\/coro.paroquiabaixadabanheira.org\/index.php?rest_route=%2Fwp%2Fv2%2Fcomments&post=976"}],"version-history":[{"count":0,"href":"https:\/\/coro.paroquiabaixadabanheira.org\/index.php?rest_route=\/wp\/v2\/posts\/976\/revisions"}],"wp:attachment":[{"href":"https:\/\/coro.paroquiabaixadabanheira.org\/index.php?rest_route=%2Fwp%2Fv2%2Fmedia&parent=976"}],"wp:term":[{"taxonomy":"category","embeddable":true,"href":"https:\/\/coro.paroquiabaixadabanheira.org\/index.php?rest_route=%2Fwp%2Fv2%2Fcategories&post=976"},{"taxonomy":"post_tag","embeddable":true,"href":"https:\/\/coro.paroquiabaixadabanheira.org\/index.php?rest_route=%2Fwp%2Fv2%2Ftags&post=976"}],"curies":[{"name":"wp","href":"https:\/\/api.w.org\/{rel}","templated":true}]}}