{"id":977,"date":"2011-05-31T09:22:53","date_gmt":"2011-05-31T09:22:53","guid":{"rendered":"http:\/\/coro.paroquiabaixadabanheira.org\/?p=977"},"modified":"2011-05-31T09:22:53","modified_gmt":"2011-05-31T09:22:53","slug":"domingo-vii-da-pascoa-2","status":"publish","type":"post","link":"https:\/\/coro.paroquiabaixadabanheira.org\/?p=977","title":{"rendered":"Domingo VII da P\u00e1scoa"},"content":{"rendered":"<h4>C\u00e2nticos para o Domingo V da P\u00e1scoa (<a href=\"http:\/\/www.portal.ecclesia.pt\/ecclesiaout\/liturgia\/liturgia_site\/lit_dia\/ano_a\/ld_anoa_ver.asp?cod_ano_a=30\">Liturgia<\/a>)<\/h4>\n<h5>Solenidade da Ascen\u00e7\u00e3o do Senhor<\/h5>\n<ul>\n<li>Entrada:\u00a0<a href=\"\/reportorio\/pascoa\/ressuscitou.aleluia.pdf\">Ressuscitou, Aleluia<\/a><\/li>\n<li>M. Penitencial: <a href=\"\/reportorio\/penitencial\/senhor.tem.piedade.de.nos.pdf\">Senhor Tem Piedade<\/a><\/li>\n<li>Salmo 46(47)<\/li>\n<li>Aleluia:\u00a0<a href=\"\/reportorio\/aclama\/aleluia.aleluia.aleluia.pdf\">Aleluia, Aleluia, Aleluia<\/a><\/li>\n<li>Ofert\u00f3rio: <a href=\"\/reportorio\/ofertorio\/a.ti.meu.deus.pdf\">A Ti Meu Deus<\/a><\/li>\n<li>Santo: <a href=\"\/reportorio\/santo\/santo.desc.pdf\">Santo<\/a><\/li>\n<li>Paz\/Cordeiro: <a href=\"\/reportorio\/cordeiro\/cordeiro.pdf\">Cordeiro<\/a><\/li>\n<li>Comunh\u00e3o: <a href=\"\/reportorio\/comunhao\/e.o.meu.corpo.pdf\">\u00c9 o Meu Corpo<\/a><\/li>\n<li>Final: <a href=\"\/reportorio\/diversos\/estrela.polar.pdf\">Estrela Polar<\/a><\/li>\n<\/ul>\n","protected":false},"excerpt":{"rendered":"<p>C\u00e2nticos para o Domingo V da P\u00e1scoa (Liturgia) Solenidade da Ascen\u00e7\u00e3o do Senhor Entrada:\u00a0Ressuscitou, Aleluia M. Penitencial: Senhor Tem Piedade Salmo 46(47) Aleluia:\u00a0Aleluia, Aleluia, Aleluia Ofert\u00f3rio: A Ti Meu Deus Santo: Santo Paz\/Cordeiro: Cordeiro Comunh\u00e3o: \u00c9 o Meu Corpo Final: &hellip;<\/p>\n<p class=\"read-more\"> <a class=\"more-link\" href=\"https:\/\/coro.paroquiabaixadabanheira.org\/?p=977\"> <span class=\"screen-reader-text\">Domingo VII da P\u00e1scoa<\/span> Read More &raquo;<\/a><\/p>\n","protected":false},"author":1,"featured_media":0,"comment_status":"open","ping_status":"open","sticky":false,"template":"","format":"standard","meta":{"footnotes":""},"categories":[3],"tags":[],"class_list":["post-977","post","type-post","status-publish","format-standard","hentry","category-ensaios"],"_links":{"self":[{"href":"https:\/\/coro.paroquiabaixadabanheira.org\/index.php?rest_route=\/wp\/v2\/posts\/977","targetHints":{"allow":["GET"]}}],"collection":[{"href":"https:\/\/coro.paroquiabaixadabanheira.org\/index.php?rest_route=\/wp\/v2\/posts"}],"about":[{"href":"https:\/\/coro.paroquiabaixadabanheira.org\/index.php?rest_route=\/wp\/v2\/types\/post"}],"author":[{"embeddable":true,"href":"https:\/\/coro.paroquiabaixadabanheira.org\/index.php?rest_route=\/wp\/v2\/users\/1"}],"replies":[{"embeddable":true,"href":"https:\/\/coro.paroquiabaixadabanheira.org\/index.php?rest_route=%2Fwp%2Fv2%2Fcomments&post=977"}],"version-history":[{"count":0,"href":"https:\/\/coro.paroquiabaixadabanheira.org\/index.php?rest_route=\/wp\/v2\/posts\/977\/revisions"}],"wp:attachment":[{"href":"https:\/\/coro.paroquiabaixadabanheira.org\/index.php?rest_route=%2Fwp%2Fv2%2Fmedia&parent=977"}],"wp:term":[{"taxonomy":"category","embeddable":true,"href":"https:\/\/coro.paroquiabaixadabanheira.org\/index.php?rest_route=%2Fwp%2Fv2%2Fcategories&post=977"},{"taxonomy":"post_tag","embeddable":true,"href":"https:\/\/coro.paroquiabaixadabanheira.org\/index.php?rest_route=%2Fwp%2Fv2%2Ftags&post=977"}],"curies":[{"name":"wp","href":"https:\/\/api.w.org\/{rel}","templated":true}]}}